{"id":170870,"date":"2010-08-10T10:00:00","date_gmt":"2010-08-10T13:00:00","guid":{"rendered":"http:\/\/progepe.ufpr.br\/portarias\/progepe-2010-06638\/"},"modified":"2023-07-31T17:29:18","modified_gmt":"2023-07-31T20:29:18","slug":"progepe-2010-06638","status":"publish","type":"post","link":"https:\/\/progepe.ufpr.br\/portarias\/progepe-2010-06638\/","title":{"rendered":"PORTARIA N\u00ba 06638\/PROGEPE, DE 10 DE AGOSTO DE 2010"},"content":{"rendered":"\n<p>A Pr\u00f3-Reitora de Gest\u00e3o de Pessoas da Universidade Federal do Paran\u00e1, no uso de suas atribui\u00e7\u00f5es, tendo em vista a compet\u00eancia que lhe \u00e9 conferida pela Portaria n\u00ba 2.590, de 26 de setembro de 1997 e ainda o contido no processo n\u00ba 010750\/2010-00,<\/p>\n\n\n<p><strong>RESOLVE:<\/strong><\/p>\n\n\n<p>Designar os servidores GILNEI MACHADO ROSA &#8211; 139661, T\u00e9cnico de Laborat\u00f3rio &#8211; \u00c1rea, lotado no Departamento de Fitotecnia e Fitossanitarismo do Setor de Ci\u00eancias Agr\u00e1rias; ANA ISAURA NOGIRI &#8211; 157643, T\u00e9cnico de Laborat\u00f3rio &#8211; \u00c1rea, lotada na Coordena\u00e7\u00e3o do Curso de Medicina do Setor de Ci\u00eancias da Sa\u00fade; e, IVONE COSTA FRAN\u00c7A &#8211; 128422, Auxiliar de Agropecu\u00e1ria, lotada no Departamento de Engenharia e Tecnologia Florestais do Setor de Ci\u00eancias Agr\u00e1rias, para, sob a presid\u00eancia do primeiro, constitu\u00edrem Comiss\u00e3o de Processo Administrativo Disciplinar, com a finalidade de apurar a responsabilidade pela retirada de 03 (tr\u00eas) Bombas Infusoras do Servi\u00e7o de Hematologia do Hospital de Cl\u00ednicas, conforme contido no processo n\u00ba 23075.010750\/2010-00.<\/p><p><\/p>\n\n\n<div style=\"height:15px\" aria-hidden=\"true\" class=\"wp-block-spacer\"><\/div>\n\n\n<div class=\"wp-block-buttons is-content-justification-right is-layout-flex wp-container-core-buttons-is-layout-1 wp-block-buttons-is-layout-flex\">\n<div class=\"wp-block-button has-custom-font-size is-style-outline has-small-font-size is-style-outline--1\"><a class=\"wp-block-button__link\" href=\"https:\/\/progepe.ufpr.br\/portarias\/wp-content\/uploads\/pcp\/PROGEPE\/2010\/6638PR.pdf\" style=\"border-radius:0px\" target=\"_blank\" rel=\"noreferrer noopener\">Acesse o arquivo da portaria<\/a><\/div><\/div>\n","protected":false},"excerpt":{"rendered":"<p>Designar os servidores GILNEI MACHADO ROSA &#8211; 139661, T\u00e9cnico de Laborat\u00f3rio &#8211; \u00c1rea, lotado no Departamento de Fitotecnia e Fitossanitarismo do Setor de Ci\u00eancias Agr\u00e1rias; ANA ISAURA NOGIRI &#8211; 157643, T\u00e9cnico de Laborat\u00f3rio &#8211; \u00c1rea, lotada na Coordena\u00e7\u00e3o do Curso de Medicina do Setor de Ci\u00eancias da Sa\u00fade; e, IVONE COSTA FRAN\u00c7A &#8211; 128422, Auxiliar de Agropecu\u00e1ria, lotada no Departamento de Engenharia e Tecnologia Florestais do Setor de Ci\u00eancias Agr\u00e1rias, para, sob a presid\u00eancia do primeiro, constitu\u00edrem Comiss\u00e3o de Processo Administrativo Disciplinar, com a finalidade de apurar a responsabilidade pela retirada de 03 (tr\u00eas) Bombas Infusoras do Servi\u00e7o<\/p>\n","protected":false},"author":41,"featured_media":0,"comment_status":"closed","ping_status":"closed","sticky":false,"template":"wp-custom-template-emissao-entre-01-05-2004-ate-30-06-2017","format":"standard","meta":{"_acf_changed":false,"iawp_total_views":1,"footnotes":""},"categories":[116],"tags":[124],"class_list":["post-170870","post","type-post","status-publish","format-standard","hentry","category-progepe","tag-comissao"],"acf":[],"_links":{"self":[{"href":"https:\/\/progepe.ufpr.br\/portarias\/wp-json\/wp\/v2\/posts\/170870","targetHints":{"allow":["GET"]}}],"collection":[{"href":"https:\/\/progepe.ufpr.br\/portarias\/wp-json\/wp\/v2\/posts"}],"about":[{"href":"https:\/\/progepe.ufpr.br\/portarias\/wp-json\/wp\/v2\/types\/post"}],"author":[{"embeddable":true,"href":"https:\/\/progepe.ufpr.br\/portarias\/wp-json\/wp\/v2\/users\/41"}],"replies":[{"embeddable":true,"href":"https:\/\/progepe.ufpr.br\/portarias\/wp-json\/wp\/v2\/comments?post=170870"}],"version-history":[{"count":1,"href":"https:\/\/progepe.ufpr.br\/portarias\/wp-json\/wp\/v2\/posts\/170870\/revisions"}],"predecessor-version":[{"id":210071,"href":"https:\/\/progepe.ufpr.br\/portarias\/wp-json\/wp\/v2\/posts\/170870\/revisions\/210071"}],"wp:attachment":[{"href":"https:\/\/progepe.ufpr.br\/portarias\/wp-json\/wp\/v2\/media?parent=170870"}],"wp:term":[{"taxonomy":"category","embeddable":true,"href":"https:\/\/progepe.ufpr.br\/portarias\/wp-json\/wp\/v2\/categories?post=170870"},{"taxonomy":"post_tag","embeddable":true,"href":"https:\/\/progepe.ufpr.br\/portarias\/wp-json\/wp\/v2\/tags?post=170870"}],"curies":[{"name":"wp","href":"https:\/\/api.w.org\/{rel}","templated":true}]}}