{"id":170873,"date":"2010-08-10T10:05:00","date_gmt":"2010-08-10T13:05:00","guid":{"rendered":"http:\/\/progepe.ufpr.br\/portarias\/progepe-2010-06643\/"},"modified":"2023-08-03T11:25:12","modified_gmt":"2023-08-03T14:25:12","slug":"progepe-2010-06643","status":"publish","type":"post","link":"https:\/\/progepe.ufpr.br\/portarias\/progepe-2010-06643\/","title":{"rendered":"PORTARIA N\u00ba 06643\/PROGEPE, DE 10 DE AGOSTO DE 2010"},"content":{"rendered":"\n<p>A Pr\u00f3-Reitora de Gest\u00e3o de Pessoas da Universidade Federal do Paran\u00e1, no uso de suas atribui\u00e7\u00f5es, tendo em vista a compet\u00eancia que lhe \u00e9 conferida pela Portaria n\u00ba 2.590, de 26 de setembro de 1997 e considerando o que consta no processo n\u00ba 033531\/2010-91,<\/p>\n\n\n<p><strong>RESOLVE:<\/strong><\/p>\n\n\n<p>Designar, para comporem a Comiss\u00e3o respons\u00e1vel pela organiza\u00e7\u00e3o da XV Semana do Servidor, quer ser\u00e1 realizada no per\u00edodo de 25 a 29 de outubro de 2010, os seguintes integrantes: Presidente: JOSE ROBERTO CAVAZZANI &#8211; 201146 Membros: EUNICE MARIA LINHARES CIRINO CAMARGO &#8211; 106143 ROSANE ANTUNES DE SA &#8211; 127183 IVANIR ROBERTO SANGALLI &#8211; 085510 DORILA ROSANE DE PAULA RODRIGUES &#8211; 125075 DIOLENO ZELLA ZIELINSKI &#8211; 200565 MARCOS SOLIVAN CAMARGO &#8211; 122343 MARIA CRISTINA LINHARES CIRINO SCHULTZ &#8211; 107310 KARINA FERREIRA DE LIMA &#8211; 179868 ROSANGELA APARECIDA GALV\u00c3O CORDEIRO &#8211; 142514 CELSINA ALVES FAVORITO &#8211; 091170<\/p><p><\/p>\n\n\n<div style=\"height:15px\" aria-hidden=\"true\" class=\"wp-block-spacer\"><\/div>\n\n\n<div class=\"wp-block-buttons is-content-justification-right is-layout-flex wp-container-core-buttons-is-layout-1 wp-block-buttons-is-layout-flex\">\n<div class=\"wp-block-button has-custom-font-size is-style-outline has-small-font-size is-style-outline--1\"><a class=\"wp-block-button__link\" href=\"https:\/\/progepe.ufpr.br\/portarias\/wp-content\/uploads\/pcp\/PROGEPE\/2010\/6643PR.pdf\" style=\"border-radius:0px\" target=\"_blank\" rel=\"noreferrer noopener\">Acesse o arquivo da portaria<\/a><\/div><\/div>\n","protected":false},"excerpt":{"rendered":"<p>Designar, para comporem a Comiss\u00e3o respons\u00e1vel pela organiza\u00e7\u00e3o da XV Semana do Servidor, quer ser\u00e1 realizada no per\u00edodo de 25 a 29 de outubro de 2010, os seguintes integrantes: Presidente: JOSE ROBERTO CAVAZZANI &#8211; 201146 Membros: EUNICE MARIA LINHARES CIRINO CAMARGO &#8211; 106143 ROSANE ANTUNES DE SA &#8211; 127183 IVANIR ROBERTO SANGALLI &#8211; 085510 DORILA ROSANE DE PAULA RODRIGUES &#8211; 125075 DIOLENO ZELLA ZIELINSKI &#8211; 200565 MARCOS SOLIVAN CAMARGO &#8211; 122343 MARIA CRISTINA LINHARES CIRINO SCHULTZ &#8211; 107310 KARINA FERREIRA DE LIMA &#8211; 179868 ROSANGELA APARECIDA GALV\u00c3O CORDEIRO &#8211; 142514 CELSINA ALVES FAVORITO &#8211; 091170  {&#8220;height&#8221;:&#8221;15px&#8221;} <\/p>\n<div \n\n","protected":false},"author":41,"featured_media":0,"comment_status":"closed","ping_status":"closed","sticky":false,"template":"wp-custom-template-emissao-entre-01-05-2004-ate-30-06-2017","format":"standard","meta":{"_acf_changed":false,"iawp_total_views":4,"footnotes":""},"categories":[116],"tags":[124],"class_list":["post-170873","post","type-post","status-publish","format-standard","hentry","category-progepe","tag-comissao"],"acf":[],"_links":{"self":[{"href":"https:\/\/progepe.ufpr.br\/portarias\/wp-json\/wp\/v2\/posts\/170873","targetHints":{"allow":["GET"]}}],"collection":[{"href":"https:\/\/progepe.ufpr.br\/portarias\/wp-json\/wp\/v2\/posts"}],"about":[{"href":"https:\/\/progepe.ufpr.br\/portarias\/wp-json\/wp\/v2\/types\/post"}],"author":[{"embeddable":true,"href":"https:\/\/progepe.ufpr.br\/portarias\/wp-json\/wp\/v2\/users\/41"}],"replies":[{"embeddable":true,"href":"https:\/\/progepe.ufpr.br\/portarias\/wp-json\/wp\/v2\/comments?post=170873"}],"version-history":[{"count":1,"href":"https:\/\/progepe.ufpr.br\/portarias\/wp-json\/wp\/v2\/posts\/170873\/revisions"}],"predecessor-version":[{"id":210074,"href":"https:\/\/progepe.ufpr.br\/portarias\/wp-json\/wp\/v2\/posts\/170873\/revisions\/210074"}],"wp:attachment":[{"href":"https:\/\/progepe.ufpr.br\/portarias\/wp-json\/wp\/v2\/media?parent=170873"}],"wp:term":[{"taxonomy":"category","embeddable":true,"href":"https:\/\/progepe.ufpr.br\/portarias\/wp-json\/wp\/v2\/categories?post=170873"},{"taxonomy":"post_tag","embeddable":true,"href":"https:\/\/progepe.ufpr.br\/portarias\/wp-json\/wp\/v2\/tags?post=170873"}],"curies":[{"name":"wp","href":"https:\/\/api.w.org\/{rel}","templated":true}]}}