{"id":17124,"date":"2019-11-22T05:04:00","date_gmt":"2019-11-22T08:04:00","guid":{"rendered":"http:\/\/progepe.ufpr.br\/portal\/?post_type=portarias&#038;p=17124"},"modified":"2023-08-03T13:16:50","modified_gmt":"2023-08-03T16:16:50","slug":"rt-2019-01116","status":"publish","type":"post","link":"https:\/\/progepe.ufpr.br\/portarias\/rt-2019-01116\/","title":{"rendered":"PORTARIA N\u00ba 01116\/REITORIA, DE 21 DE NOVEMBRO DE 2019"},"content":{"rendered":"\n<p><strong>O Reitor da Universidade Federal\ndo Paran\u00e1, <\/strong>no uso de suas\natribui\u00e7\u00f5es e tendo em vista o que consta no processo n\u00ba 23075.055281\/2019-88,<\/p>\n\n\n\n<p>RESOLVE:<\/p>\n\n\n\n<p>Remover, a partir de 18 de novembro de 2019, o servidor JAMIL\nCABRAL SIERRA &#8211; 1673437, ocupante do cargo de Professor do Magist\u00e9rio Superior,\nno regime de trabalho de dedica\u00e7\u00e3o exclusiva, da Coordena\u00e7\u00e3o da C\u00e2mara do Curso\nde Linguagem e Comunica\u00e7\u00e3o do Setor Litoral para o Departamento de Planejamento\ne Administra\u00e7\u00e3o Escolar do Setor de Educa\u00e7\u00e3o, conforme Parecer Conclusivo da 3\u00aa\nC\u00e2mara do Conselho de Ensino, Pesquisa e Extens\u00e3o &#8211; CEPE, de 22 de outubro de\n2019.<\/p>\n\n\n\n<p style=\"text-align:right\">Ricardo Marcelo Fonseca<\/p>\n","protected":false},"excerpt":{"rendered":"<p>Remover, a partir de 18 de novembro de 2019, o servidor JAMIL CABRAL SIERRA &#8211; 1673437, ocupante do cargo de Professor do Magist\u00e9rio Superior, no regime de trabalho de dedica\u00e7\u00e3o exclusiva, da Coordena\u00e7\u00e3o da C\u00e2mara do Curso de Linguagem e Comunica\u00e7\u00e3o do Setor Litoral para o Departamento de Planejamento e Administra\u00e7\u00e3o Escolar do Setor de Educa\u00e7\u00e3o, conforme Parecer Conclusivo da 3\u00aa C\u00e2mara do Conselho de Ensino, Pesquisa e Extens\u00e3o &#8211; CEPE, de 22 de outubro de 2019.  <!-- wp:paragraph {\"align\":\"right\"} \n\n<p style=\"text-align:right\">Ricardo Marcelo Fonseca\n<\/p>\n","protected":false},"author":49,"featured_media":0,"comment_status":"closed","ping_status":"closed","sticky":false,"template":"","format":"standard","meta":{"_acf_changed":false,"iawp_total_views":1,"footnotes":""},"categories":[117],"tags":[135],"class_list":["post-17124","post","type-post","status-publish","format-standard","hentry","category-rt","tag-remocao"],"acf":[],"_links":{"self":[{"href":"https:\/\/progepe.ufpr.br\/portarias\/wp-json\/wp\/v2\/posts\/17124","targetHints":{"allow":["GET"]}}],"collection":[{"href":"https:\/\/progepe.ufpr.br\/portarias\/wp-json\/wp\/v2\/posts"}],"about":[{"href":"https:\/\/progepe.ufpr.br\/portarias\/wp-json\/wp\/v2\/types\/post"}],"author":[{"embeddable":true,"href":"https:\/\/progepe.ufpr.br\/portarias\/wp-json\/wp\/v2\/users\/49"}],"replies":[{"embeddable":true,"href":"https:\/\/progepe.ufpr.br\/portarias\/wp-json\/wp\/v2\/comments?post=17124"}],"version-history":[{"count":1,"href":"https:\/\/progepe.ufpr.br\/portarias\/wp-json\/wp\/v2\/posts\/17124\/revisions"}],"predecessor-version":[{"id":191393,"href":"https:\/\/progepe.ufpr.br\/portarias\/wp-json\/wp\/v2\/posts\/17124\/revisions\/191393"}],"wp:attachment":[{"href":"https:\/\/progepe.ufpr.br\/portarias\/wp-json\/wp\/v2\/media?parent=17124"}],"wp:term":[{"taxonomy":"category","embeddable":true,"href":"https:\/\/progepe.ufpr.br\/portarias\/wp-json\/wp\/v2\/categories?post=17124"},{"taxonomy":"post_tag","embeddable":true,"href":"https:\/\/progepe.ufpr.br\/portarias\/wp-json\/wp\/v2\/tags?post=17124"}],"curies":[{"name":"wp","href":"https:\/\/api.w.org\/{rel}","templated":true}]}}