{"id":171291,"date":"2010-12-22T10:00:00","date_gmt":"2010-12-22T12:00:00","guid":{"rendered":"http:\/\/progepe.ufpr.br\/portarias\/progepe-2010-07819\/"},"modified":"2024-06-17T10:07:30","modified_gmt":"2024-06-17T13:07:30","slug":"progepe-2010-07819","status":"publish","type":"post","link":"https:\/\/progepe.ufpr.br\/portarias\/progepe-2010-07819\/","title":{"rendered":"PORTARIA N\u00ba 07819\/PROGEPE, DE 22 DE DEZEMBRO DE 2010"},"content":{"rendered":"\n<p style=\"padding-left:43%\">A Pr\u00f3-Reitora de Gest\u00e3o de Pessoas da Universidade Federal do Paran\u00e1, no uso de suas atribui\u00e7\u00f5es, tendo em vista a compet\u00eancia que lhe \u00e9 conferida pela Portaria n\u00ba 2.590, de 26 de setembro de 1997 e considerando o que consta no processo n\u00ba 042769\/2010-15,<\/p>\n\n\n\n<p style=\"padding-left:43%\"><strong>RESOLVE:<\/strong><\/p>\n\n\n\n<p>Alterar a <a href=\"https:\/\/progepe.ufpr.br\/portarias\/prhae-2004-04937\/\" data-type=\"post\" data-id=\"237132\">Portaria n\u00ba 4.937\/PRHAE, de 14 de abril de 2004<\/a>, publicada no DOU de 15 de abril de 2004, se\u00e7\u00e3o 2, p\u00e1g. 13, referente \u00e0 nomea\u00e7\u00e3o da servidora MARIA DE LOURDES SALDANHA DO NASCIMENTO &#8211; 102458, para exercer o cargo de confian\u00e7a de Chefe da Biblioteca de Ci\u00eancias Humanas e Educa\u00e7\u00e3o, FG-03, do Sistema de Bibliotecas, para fazer constar que a partir de 09 de junho de 2010, para efeitos de registro no Sistema SIAPE, a citada fun\u00e7\u00e3o corresponde \u00e0 Unidade Organizacional n\u00ba 0172 &#8211; BC\/HE, Atividade n\u00ba 0278 &#8211; Chefe da Biblioteca.<\/p>\n","protected":false},"excerpt":{"rendered":"<p>Alterar a <a href=\"https:\/\/progepe.ufpr.br\/portarias\/prhae-2004-04937\/\" data-type=\"post\" data-id=\"237132\">Portaria n\u00ba 4.937\/PRHAE, de 14 de abril de 2004<\/a>, publicada no DOU de 15 de abril de 2004, se\u00e7\u00e3o 2, p\u00e1g. 13, referente \u00e0 nomea\u00e7\u00e3o da servidora MARIA DE LOURDES SALDANHA DO NASCIMENTO &#8211; 102458, para exercer o cargo de confian\u00e7a de Chefe da Biblioteca de Ci\u00eancias Humanas e Educa\u00e7\u00e3o, FG-03, do Sistema de Bibliotecas, para fazer constar que a partir de 09 de junho de 2010, para efeitos de registro no Sistema SIAPE, a citada fun\u00e7\u00e3o corresponde \u00e0 Unidade Organizacional n\u00ba 0172 &#8211; BC\/HE, Atividade n\u00ba 0278 &#8211; Chefe da Biblioteca.<\/p>\n","protected":false},"author":41,"featured_media":0,"comment_status":"closed","ping_status":"closed","sticky":false,"template":"","format":"standard","meta":{"_acf_changed":false,"iawp_total_views":0,"footnotes":""},"categories":[116],"tags":[120],"class_list":["post-171291","post","type-post","status-publish","format-standard","hentry","category-progepe","tag-funcao"],"acf":[],"_links":{"self":[{"href":"https:\/\/progepe.ufpr.br\/portarias\/wp-json\/wp\/v2\/posts\/171291","targetHints":{"allow":["GET"]}}],"collection":[{"href":"https:\/\/progepe.ufpr.br\/portarias\/wp-json\/wp\/v2\/posts"}],"about":[{"href":"https:\/\/progepe.ufpr.br\/portarias\/wp-json\/wp\/v2\/types\/post"}],"author":[{"embeddable":true,"href":"https:\/\/progepe.ufpr.br\/portarias\/wp-json\/wp\/v2\/users\/41"}],"replies":[{"embeddable":true,"href":"https:\/\/progepe.ufpr.br\/portarias\/wp-json\/wp\/v2\/comments?post=171291"}],"version-history":[{"count":2,"href":"https:\/\/progepe.ufpr.br\/portarias\/wp-json\/wp\/v2\/posts\/171291\/revisions"}],"predecessor-version":[{"id":256292,"href":"https:\/\/progepe.ufpr.br\/portarias\/wp-json\/wp\/v2\/posts\/171291\/revisions\/256292"}],"wp:attachment":[{"href":"https:\/\/progepe.ufpr.br\/portarias\/wp-json\/wp\/v2\/media?parent=171291"}],"wp:term":[{"taxonomy":"category","embeddable":true,"href":"https:\/\/progepe.ufpr.br\/portarias\/wp-json\/wp\/v2\/categories?post=171291"},{"taxonomy":"post_tag","embeddable":true,"href":"https:\/\/progepe.ufpr.br\/portarias\/wp-json\/wp\/v2\/tags?post=171291"}],"curies":[{"name":"wp","href":"https:\/\/api.w.org\/{rel}","templated":true}]}}