{"id":17130,"date":"2019-11-22T05:01:00","date_gmt":"2019-11-22T08:01:00","guid":{"rendered":"http:\/\/progepe.ufpr.br\/portal\/?post_type=portarias&#038;p=17130"},"modified":"2023-08-03T13:16:50","modified_gmt":"2023-08-03T16:16:50","slug":"rt-2019-01108","status":"publish","type":"post","link":"https:\/\/progepe.ufpr.br\/portarias\/rt-2019-01108\/","title":{"rendered":"PORTARIA N\u00ba 01108\/REITORIA, DE 19 DE NOVEMBRO DE 2019"},"content":{"rendered":"\n<p><strong>O Reitor da Universidade Federal\ndo Paran\u00e1, <\/strong>no uso de suas\natribui\u00e7\u00f5es, tendo em vista o que consta no processo n\u00ba 23075.081626\/2019-59,<\/p>\n\n\n\n<p>RESOLVE:<\/p>\n\n\n\n<p>Designar para compor a comiss\u00e3o de an\u00e1lise de\ncria\u00e7\u00e3o do Curso de Produ\u00e7\u00e3o Cultural, os seguintes membros:<\/p>\n\n\n\n<p>STEPHANIE DAHN BATISTA &#8211; 2449634<\/p>\n\n\n\n<p>RONALDO DE OLIVEIRA CORREA &#8211;\n2523537<\/p>\n\n\n\n<p>INDIONEY CARNEIRO RODRIGUES &#8211;\n2329960<\/p>\n\n\n\n<p>LUANA MARCHIORI VEIGA &#8211; 2362778<\/p>\n\n\n\n<p>VALQUIRIA MICHELA JOHN &#8211; 1476082<\/p>\n\n\n\n<p>ARY FABIO GIORDANI DANIEL &#8211;\n1764250<\/p>\n\n\n\n<p>JOELMA ZAMB\u00c3O ESTEVAM &#8211; 1561453<\/p>\n\n\n\n<p>FELIX VIEIRA VAREJ\u00c3O NETO &#8211;\n2076713<\/p>\n\n\n\n<p>SHEILA CRISTINA DA SILVA GOES\nBARRETO &#8211; 1457504<\/p>\n\n\n\n<p style=\"text-align:right\">Ricardo\nMarcelo Fonseca<\/p>\n","protected":false},"excerpt":{"rendered":"<p>Designar para compor a comiss\u00e3o de an\u00e1lise de cria\u00e7\u00e3o do Curso de Produ\u00e7\u00e3o Cultural, os seguintes membros:  STEPHANIE DAHN BATISTA &#8211; 2449634  RONALDO DE OLIVEIRA CORREA &#8211; 2523537  INDIONEY CARNEIRO RODRIGUES &#8211; 2329960  LUANA MARCHIORI VEIGA &#8211; 2362778  VALQUIRIA MICHELA JOHN &#8211; 1476082  ARY FABIO GIORDANI DANIEL &#8211; 1764250  JOELMA ZAMB\u00c3O ESTEVAM &#8211; 1561453  FELIX VIEIRA VAREJ\u00c3O NETO &#8211; 2076713  SHEILA CRISTINA DA SILVA GOES BARRETO &#8211; 1457504  <!-- wp:paragraph {\"align\":\"right\"} \n\n<p style=\"text-align:right\">Ricardo Marcelo Fonseca\n<\/p>\n","protected":false},"author":49,"featured_media":0,"comment_status":"closed","ping_status":"closed","sticky":false,"template":"","format":"standard","meta":{"_acf_changed":false,"iawp_total_views":0,"footnotes":""},"categories":[117],"tags":[124],"class_list":["post-17130","post","type-post","status-publish","format-standard","hentry","category-rt","tag-comissao"],"acf":[],"_links":{"self":[{"href":"https:\/\/progepe.ufpr.br\/portarias\/wp-json\/wp\/v2\/posts\/17130","targetHints":{"allow":["GET"]}}],"collection":[{"href":"https:\/\/progepe.ufpr.br\/portarias\/wp-json\/wp\/v2\/posts"}],"about":[{"href":"https:\/\/progepe.ufpr.br\/portarias\/wp-json\/wp\/v2\/types\/post"}],"author":[{"embeddable":true,"href":"https:\/\/progepe.ufpr.br\/portarias\/wp-json\/wp\/v2\/users\/49"}],"replies":[{"embeddable":true,"href":"https:\/\/progepe.ufpr.br\/portarias\/wp-json\/wp\/v2\/comments?post=17130"}],"version-history":[{"count":1,"href":"https:\/\/progepe.ufpr.br\/portarias\/wp-json\/wp\/v2\/posts\/17130\/revisions"}],"predecessor-version":[{"id":191394,"href":"https:\/\/progepe.ufpr.br\/portarias\/wp-json\/wp\/v2\/posts\/17130\/revisions\/191394"}],"wp:attachment":[{"href":"https:\/\/progepe.ufpr.br\/portarias\/wp-json\/wp\/v2\/media?parent=17130"}],"wp:term":[{"taxonomy":"category","embeddable":true,"href":"https:\/\/progepe.ufpr.br\/portarias\/wp-json\/wp\/v2\/categories?post=17130"},{"taxonomy":"post_tag","embeddable":true,"href":"https:\/\/progepe.ufpr.br\/portarias\/wp-json\/wp\/v2\/tags?post=17130"}],"curies":[{"name":"wp","href":"https:\/\/api.w.org\/{rel}","templated":true}]}}