{"id":17181,"date":"2019-11-22T05:05:00","date_gmt":"2019-11-22T08:05:00","guid":{"rendered":"http:\/\/progepe.ufpr.br\/portal\/?post_type=portarias&#038;p=17181"},"modified":"2023-08-03T13:16:50","modified_gmt":"2023-08-03T16:16:50","slug":"rt-2019-01117","status":"publish","type":"post","link":"https:\/\/progepe.ufpr.br\/portarias\/rt-2019-01117\/","title":{"rendered":"PORTARIA N\u00ba 01117\/REITORIA, DE 21 DE NOVEMBRO DE 2019"},"content":{"rendered":"\n<p><strong>O Reitor da Universidade Federal do Paran\u00e1, <\/strong>no uso de\nsuas atribui\u00e7\u00f5es e tendo em vista o que consta no processo n\u00ba 23075.080857\/2019-45,<\/p>\n\n\n\n<p>RESOLVE:<\/p>\n\n\n\n<p>Retificar a Portaria n\u00ba 1.073\/REITORIA, referente\n\u00e0 comiss\u00e3o para estabelecer crit\u00e9rios de periodicidade no caso de eventuais\ndispensas dos empregados celetistas da FUNPAR:<\/p>\n\n\n\n<p>Onde\nse L\u00ea: ALINE PEREIRA DOS SANTOS.<\/p>\n\n\n\n<p>Leia-se: ALINE SIM\u00c3O.<\/p>\n\n\n\n<p style=\"text-align:right\">Ricardo Marcelo Fonseca<\/p>\n","protected":false},"excerpt":{"rendered":"<p>Retificar a Portaria n\u00ba 1.073\/REITORIA, referente \u00e0 comiss\u00e3o para estabelecer crit\u00e9rios de periodicidade no caso de eventuais dispensas dos empregados celetistas da FUNPAR:  Onde se L\u00ea: ALINE PEREIRA DOS SANTOS.  Leia-se: ALINE SIM\u00c3O.  <!-- wp:paragraph {\"align\":\"right\"} \n\n<p style=\"text-align:right\">Ricardo Marcelo Fonseca\n<\/p>\n","protected":false},"author":49,"featured_media":0,"comment_status":"closed","ping_status":"closed","sticky":false,"template":"","format":"standard","meta":{"_acf_changed":false,"iawp_total_views":0,"footnotes":""},"categories":[117],"tags":[124],"class_list":["post-17181","post","type-post","status-publish","format-standard","hentry","category-rt","tag-comissao"],"acf":[],"_links":{"self":[{"href":"https:\/\/progepe.ufpr.br\/portarias\/wp-json\/wp\/v2\/posts\/17181","targetHints":{"allow":["GET"]}}],"collection":[{"href":"https:\/\/progepe.ufpr.br\/portarias\/wp-json\/wp\/v2\/posts"}],"about":[{"href":"https:\/\/progepe.ufpr.br\/portarias\/wp-json\/wp\/v2\/types\/post"}],"author":[{"embeddable":true,"href":"https:\/\/progepe.ufpr.br\/portarias\/wp-json\/wp\/v2\/users\/49"}],"replies":[{"embeddable":true,"href":"https:\/\/progepe.ufpr.br\/portarias\/wp-json\/wp\/v2\/comments?post=17181"}],"version-history":[{"count":1,"href":"https:\/\/progepe.ufpr.br\/portarias\/wp-json\/wp\/v2\/posts\/17181\/revisions"}],"predecessor-version":[{"id":191398,"href":"https:\/\/progepe.ufpr.br\/portarias\/wp-json\/wp\/v2\/posts\/17181\/revisions\/191398"}],"wp:attachment":[{"href":"https:\/\/progepe.ufpr.br\/portarias\/wp-json\/wp\/v2\/media?parent=17181"}],"wp:term":[{"taxonomy":"category","embeddable":true,"href":"https:\/\/progepe.ufpr.br\/portarias\/wp-json\/wp\/v2\/categories?post=17181"},{"taxonomy":"post_tag","embeddable":true,"href":"https:\/\/progepe.ufpr.br\/portarias\/wp-json\/wp\/v2\/tags?post=17181"}],"curies":[{"name":"wp","href":"https:\/\/api.w.org\/{rel}","templated":true}]}}