{"id":171872,"date":"2010-07-14T10:34:00","date_gmt":"2010-07-14T13:34:00","guid":{"rendered":"http:\/\/progepe.ufpr.br\/portarias\/progepe-2010-06398\/"},"modified":"2023-08-03T11:24:51","modified_gmt":"2023-08-03T14:24:51","slug":"progepe-2010-06398","status":"publish","type":"post","link":"https:\/\/progepe.ufpr.br\/portarias\/progepe-2010-06398\/","title":{"rendered":"PORTARIA N\u00ba 06398\/PROGEPE, DE 14 DE JULHO DE 2010"},"content":{"rendered":"\n<p>A Pr\u00f3-Reitora de Gest\u00e3o de Pessoas da Universidade Federal do Paran\u00e1, no uso de suas atribui\u00e7\u00f5es, tendo em vista a compet\u00eancia que lhe \u00e9 conferida pela Portaria n\u00ba 2.590, de 26 de setembro de 1997, o que consta no artigo 9\u00ba, inciso I da Lei n\u00ba 8.112\/90 e de acordo com a Portaria MPOG n\u00ba 450, de 27.12.2007, publicada no DOU de 28.12.07; Portaria MEC n\u00ba 1.262, de 27.12.2007, publicada no DOU de 28.12.07; e ainda o contido no processo n\u00ba 026188\/2010-28,<\/p>\n\n\n<p><strong>RESOLVE:<\/strong><\/p>\n\n\n<p>I. Nomear em car\u00e1ter efetivo, ADRIANO SCHEID, habilitado em concurso p\u00fablico de provas e t\u00edtulos, homologado em 02.06.10, para o cargo de Professor do Grupo Magist\u00e9rio Superior, classe Adjunto, n\u00edvel I, em regime de trabalho de 40 (quarenta) horas semanais com Dedica\u00e7\u00e3o Exclusiva, para Departamento de Engenharia Mec\u00e2nica, do Setor de Tecnologia, na \u00e1rea de conhecimento em Termodin\u00e2mica dos Materiais\/Energia, na vaga de c\u00f3digo n\u00ba 694507.<\/p><p> II. Conceder acr\u00e9scimo salarial, de acordo com o artigo 6\u00ba da Lei n\u00ba 11.344\/2006, a partir da data de exerc\u00edcio, tendo em vista possuir o t\u00edtulo de Doutor em Engenharia \u2013 PIPE, \u00e1rea de concentra\u00e7\u00e3o em Engenharia e Ci\u00eancia de Materiais.<\/p><p><\/p>\n\n\n<div style=\"height:15px\" aria-hidden=\"true\" class=\"wp-block-spacer\"><\/div>\n\n\n<div class=\"wp-block-buttons is-content-justification-right is-layout-flex wp-container-core-buttons-is-layout-1 wp-block-buttons-is-layout-flex\">\n<div class=\"wp-block-button has-custom-font-size is-style-outline has-small-font-size is-style-outline--1\"><a class=\"wp-block-button__link\" href=\"https:\/\/progepe.ufpr.br\/portarias\/wp-content\/uploads\/pcp\/PROGEPE\/2010\/6398PR.pdf\" style=\"border-radius:0px\" target=\"_blank\" rel=\"noreferrer noopener\">Acesse o arquivo da portaria<\/a><\/div><\/div>\n","protected":false},"excerpt":{"rendered":"<p>I. Nomear em car\u00e1ter efetivo, ADRIANO SCHEID, habilitado em concurso p\u00fablico de provas e t\u00edtulos, homologado em 02.06.10, para o cargo de Professor do Grupo Magist\u00e9rio Superior, classe Adjunto, n\u00edvel I, em regime de trabalho de 40 (quarenta) horas semanais com Dedica\u00e7\u00e3o Exclusiva, para Departamento de Engenharia Mec\u00e2nica, do Setor de Tecnologia, na \u00e1rea de conhecimento em Termodin\u00e2mica dos Materiais\/Energia, na vaga de c\u00f3digo n\u00ba 694507. II. Conceder acr\u00e9scimo salarial, de acordo com o artigo 6\u00ba da Lei n\u00ba 11.344\/2006, a partir da data de exerc\u00edcio, tendo em vista possuir o t\u00edtulo de Doutor em Engenharia \u2013 PIPE,<\/p>\n","protected":false},"author":41,"featured_media":0,"comment_status":"closed","ping_status":"closed","sticky":false,"template":"wp-custom-template-emissao-entre-01-05-2004-ate-30-06-2017","format":"standard","meta":{"_acf_changed":false,"iawp_total_views":0,"footnotes":""},"categories":[116],"tags":[121],"class_list":["post-171872","post","type-post","status-publish","format-standard","hentry","category-progepe","tag-nomeacao"],"acf":[],"_links":{"self":[{"href":"https:\/\/progepe.ufpr.br\/portarias\/wp-json\/wp\/v2\/posts\/171872","targetHints":{"allow":["GET"]}}],"collection":[{"href":"https:\/\/progepe.ufpr.br\/portarias\/wp-json\/wp\/v2\/posts"}],"about":[{"href":"https:\/\/progepe.ufpr.br\/portarias\/wp-json\/wp\/v2\/types\/post"}],"author":[{"embeddable":true,"href":"https:\/\/progepe.ufpr.br\/portarias\/wp-json\/wp\/v2\/users\/41"}],"replies":[{"embeddable":true,"href":"https:\/\/progepe.ufpr.br\/portarias\/wp-json\/wp\/v2\/comments?post=171872"}],"version-history":[{"count":1,"href":"https:\/\/progepe.ufpr.br\/portarias\/wp-json\/wp\/v2\/posts\/171872\/revisions"}],"predecessor-version":[{"id":211073,"href":"https:\/\/progepe.ufpr.br\/portarias\/wp-json\/wp\/v2\/posts\/171872\/revisions\/211073"}],"wp:attachment":[{"href":"https:\/\/progepe.ufpr.br\/portarias\/wp-json\/wp\/v2\/media?parent=171872"}],"wp:term":[{"taxonomy":"category","embeddable":true,"href":"https:\/\/progepe.ufpr.br\/portarias\/wp-json\/wp\/v2\/categories?post=171872"},{"taxonomy":"post_tag","embeddable":true,"href":"https:\/\/progepe.ufpr.br\/portarias\/wp-json\/wp\/v2\/tags?post=171872"}],"curies":[{"name":"wp","href":"https:\/\/api.w.org\/{rel}","templated":true}]}}