{"id":171909,"date":"2010-08-25T10:01:00","date_gmt":"2010-08-25T13:01:00","guid":{"rendered":"http:\/\/progepe.ufpr.br\/portarias\/progepe-2010-06776\/"},"modified":"2023-08-03T11:25:24","modified_gmt":"2023-08-03T14:25:24","slug":"progepe-2010-06776","status":"publish","type":"post","link":"https:\/\/progepe.ufpr.br\/portarias\/progepe-2010-06776\/","title":{"rendered":"PORTARIA N\u00ba 06776\/PROGEPE, DE 25 DE AGOSTO DE 2010"},"content":{"rendered":"\n<p>A Pr\u00f3-Reitora de Gest\u00e3o de Pessoas da Universidade Federal do Paran\u00e1, no uso de suas atribui\u00e7\u00f5es, tendo em vista a compet\u00eancia que lhe \u00e9 conferida pela Portaria n\u00ba 2.590, de 26 de setembro de 1997, o que consta no artigo 9\u00ba, inciso I da Lei n\u00ba 8.112\/90 e de acordo com a Portaria Interministerial MP\/MEC n\u00ba 22 de 30\/04\/07 publicada no DOU de 02\/05\/07, retificada pela Portaria Normativa Interministerial MP\/MEC n\u00ba 224 de 23\/07\/07 publicada no DOU de 24\/07\/07, retificada pela Portaria Normativa Interministerial MP\/MEC n\u00ba 08 de 26\/08\/08 publicada no DOU de 27\/08\/08 e Nota T\u00e9cnica 01\/07 &#8211; DEDES\/SESU\/MEC de 03\/08\/07; e ainda o contido no processo n\u00ba 032576\/2010-48,<\/p>\n\n\n<p><strong>RESOLVE:<\/strong><\/p>\n\n\n<p>I. Nomear em car\u00e1ter efetivo, REGIANE REGINA RIBEIRO BRAVIM, habilitada em concurso p\u00fablico de provas e t\u00edtulos, homologado em 01.07.2010, para o cargo de Professor do Grupo Magist\u00e9rio Superior, classe Adjunto, n\u00edvel I, em regime de trabalho de 40 (quarenta) horas semanais, com dedica\u00e7\u00e3o exclusiva, na \u00e1rea de Comunica\u00e7\u00e3o Social \u2013 Rela\u00e7\u00f5es P\u00fablicas; do Departamento de Comunica\u00e7\u00e3o Social; do Setor de Ci\u00eancias Humanas, Letras e Artes, na vaga de c\u00f3digo n\u00ba 264755.<\/p><p> II. Conceder retribui\u00e7\u00e3o por titula\u00e7\u00e3o, de acordo com o artigo 20 da Lei n\u00ba 11.784\/2008, a partir da data de exerc\u00edcio, tendo em vista possuir o t\u00edtulo de Doutor em Comunica\u00e7\u00e3o e Semi\u00f3tica.<\/p><p><\/p>\n\n\n<div style=\"height:15px\" aria-hidden=\"true\" class=\"wp-block-spacer\"><\/div>\n\n\n<div class=\"wp-block-buttons is-content-justification-right is-layout-flex wp-container-core-buttons-is-layout-1 wp-block-buttons-is-layout-flex\">\n<div class=\"wp-block-button has-custom-font-size is-style-outline has-small-font-size is-style-outline--1\"><a class=\"wp-block-button__link\" href=\"https:\/\/progepe.ufpr.br\/portarias\/wp-content\/uploads\/pcp\/PROGEPE\/2010\/6776PR.pdf\" style=\"border-radius:0px\" target=\"_blank\" rel=\"noreferrer noopener\">Acesse o arquivo da portaria<\/a><\/div><\/div>\n","protected":false},"excerpt":{"rendered":"<p>I. Nomear em car\u00e1ter efetivo, REGIANE REGINA RIBEIRO BRAVIM, habilitada em concurso p\u00fablico de provas e t\u00edtulos, homologado em 01.07.2010, para o cargo de Professor do Grupo Magist\u00e9rio Superior, classe Adjunto, n\u00edvel I, em regime de trabalho de 40 (quarenta) horas semanais, com dedica\u00e7\u00e3o exclusiva, na \u00e1rea de Comunica\u00e7\u00e3o Social \u2013 Rela\u00e7\u00f5es P\u00fablicas; do Departamento de Comunica\u00e7\u00e3o Social; do Setor de Ci\u00eancias Humanas, Letras e Artes, na vaga de c\u00f3digo n\u00ba 264755. II. Conceder retribui\u00e7\u00e3o por titula\u00e7\u00e3o, de acordo com o artigo 20 da Lei n\u00ba 11.784\/2008, a partir da data de exerc\u00edcio, tendo em vista possuir o<\/p>\n","protected":false},"author":41,"featured_media":0,"comment_status":"closed","ping_status":"closed","sticky":false,"template":"wp-custom-template-emissao-entre-01-05-2004-ate-30-06-2017","format":"standard","meta":{"_acf_changed":false,"iawp_total_views":0,"footnotes":""},"categories":[116],"tags":[121],"class_list":["post-171909","post","type-post","status-publish","format-standard","hentry","category-progepe","tag-nomeacao"],"acf":[],"_links":{"self":[{"href":"https:\/\/progepe.ufpr.br\/portarias\/wp-json\/wp\/v2\/posts\/171909","targetHints":{"allow":["GET"]}}],"collection":[{"href":"https:\/\/progepe.ufpr.br\/portarias\/wp-json\/wp\/v2\/posts"}],"about":[{"href":"https:\/\/progepe.ufpr.br\/portarias\/wp-json\/wp\/v2\/types\/post"}],"author":[{"embeddable":true,"href":"https:\/\/progepe.ufpr.br\/portarias\/wp-json\/wp\/v2\/users\/41"}],"replies":[{"embeddable":true,"href":"https:\/\/progepe.ufpr.br\/portarias\/wp-json\/wp\/v2\/comments?post=171909"}],"version-history":[{"count":1,"href":"https:\/\/progepe.ufpr.br\/portarias\/wp-json\/wp\/v2\/posts\/171909\/revisions"}],"predecessor-version":[{"id":211110,"href":"https:\/\/progepe.ufpr.br\/portarias\/wp-json\/wp\/v2\/posts\/171909\/revisions\/211110"}],"wp:attachment":[{"href":"https:\/\/progepe.ufpr.br\/portarias\/wp-json\/wp\/v2\/media?parent=171909"}],"wp:term":[{"taxonomy":"category","embeddable":true,"href":"https:\/\/progepe.ufpr.br\/portarias\/wp-json\/wp\/v2\/categories?post=171909"},{"taxonomy":"post_tag","embeddable":true,"href":"https:\/\/progepe.ufpr.br\/portarias\/wp-json\/wp\/v2\/tags?post=171909"}],"curies":[{"name":"wp","href":"https:\/\/api.w.org\/{rel}","templated":true}]}}