{"id":171933,"date":"2010-10-22T10:00:00","date_gmt":"2010-10-22T12:00:00","guid":{"rendered":"http:\/\/progepe.ufpr.br\/portarias\/progepe-2010-07157\/"},"modified":"2024-10-23T16:18:04","modified_gmt":"2024-10-23T19:18:04","slug":"progepe-2010-07157","status":"publish","type":"post","link":"https:\/\/progepe.ufpr.br\/portarias\/progepe-2010-07157\/","title":{"rendered":"PORTARIA N\u00ba 07157\/PROGEPE, DE 22 DE OUTUBRO DE 2010"},"content":{"rendered":"\n<p style=\"padding-left:43%\">A Pr\u00f3-Reitora de Gest\u00e3o de Pessoas da Universidade Federal do Paran\u00e1, no uso de suas atribui\u00e7\u00f5es, tendo em vista a compet\u00eancia que lhe \u00e9 conferida pela Portaria n\u00ba 2.590, de 26 de setembro de 1997, considerando o que consta no artigo 9\u00ba, inciso I da Lei n\u00ba 8.112\/90, autoriza\u00e7\u00e3o do Minist\u00e9rio da Educa\u00e7\u00e3o, Portaria n\u00ba 1.225, de 23 de dezembro de 2009, publicada no DOU de 24.12.2009 e ainda o contido no processo n\u00ba 045494\/2010-63,<\/p>\n\n\n\n<p style=\"padding-left:43%\"><strong>RESOLVE:<\/strong><\/p>\n\n\n\n<p>Nomear em car\u00e1ter efetivo AMARILIO MOTTA FLORIANO, habilitado em concurso p\u00fablico realizado por esta Institui\u00e7\u00e3o, homologado em 27.07.2009, para o cargo de Analista de Tecnologia da Informa\u00e7\u00e3o, n\u00edvel de Classifica\u00e7\u00e3o E, n\u00edvel de Capacita\u00e7\u00e3o I, padr\u00e3o de Vencimento 01, no regime de trabalho de 40 (quarenta) horas semanais, na vaga de c\u00f3digo n\u00ba 262622.<\/p>\n","protected":false},"excerpt":{"rendered":"<p>Nomear em car\u00e1ter efetivo AMARILIO MOTTA FLORIANO, habilitado em concurso p\u00fablico realizado por esta Institui\u00e7\u00e3o, homologado em 27.07.2009, para o cargo de Analista de Tecnologia da Informa\u00e7\u00e3o, n\u00edvel de Classifica\u00e7\u00e3o E, n\u00edvel de Capacita\u00e7\u00e3o I, padr\u00e3o de Vencimento 01, no regime de trabalho de 40 (quarenta) horas semanais, na vaga de c\u00f3digo n\u00ba 262622.<\/p>\n","protected":false},"author":41,"featured_media":0,"comment_status":"closed","ping_status":"closed","sticky":false,"template":"","format":"standard","meta":{"_acf_changed":false,"iawp_total_views":0,"footnotes":""},"categories":[116],"tags":[121],"class_list":["post-171933","post","type-post","status-publish","format-standard","hentry","category-progepe","tag-nomeacao"],"acf":[],"_links":{"self":[{"href":"https:\/\/progepe.ufpr.br\/portarias\/wp-json\/wp\/v2\/posts\/171933","targetHints":{"allow":["GET"]}}],"collection":[{"href":"https:\/\/progepe.ufpr.br\/portarias\/wp-json\/wp\/v2\/posts"}],"about":[{"href":"https:\/\/progepe.ufpr.br\/portarias\/wp-json\/wp\/v2\/types\/post"}],"author":[{"embeddable":true,"href":"https:\/\/progepe.ufpr.br\/portarias\/wp-json\/wp\/v2\/users\/41"}],"replies":[{"embeddable":true,"href":"https:\/\/progepe.ufpr.br\/portarias\/wp-json\/wp\/v2\/comments?post=171933"}],"version-history":[{"count":2,"href":"https:\/\/progepe.ufpr.br\/portarias\/wp-json\/wp\/v2\/posts\/171933\/revisions"}],"predecessor-version":[{"id":258071,"href":"https:\/\/progepe.ufpr.br\/portarias\/wp-json\/wp\/v2\/posts\/171933\/revisions\/258071"}],"wp:attachment":[{"href":"https:\/\/progepe.ufpr.br\/portarias\/wp-json\/wp\/v2\/media?parent=171933"}],"wp:term":[{"taxonomy":"category","embeddable":true,"href":"https:\/\/progepe.ufpr.br\/portarias\/wp-json\/wp\/v2\/categories?post=171933"},{"taxonomy":"post_tag","embeddable":true,"href":"https:\/\/progepe.ufpr.br\/portarias\/wp-json\/wp\/v2\/tags?post=171933"}],"curies":[{"name":"wp","href":"https:\/\/api.w.org\/{rel}","templated":true}]}}