{"id":17280,"date":"2019-11-21T20:00:00","date_gmt":"2019-11-21T23:00:00","guid":{"rendered":"http:\/\/progepe.ufpr.br\/portal\/?post_type=portarias&#038;p=17280"},"modified":"2023-08-03T11:03:08","modified_gmt":"2023-08-03T14:03:08","slug":"dd-2019-00571","status":"publish","type":"post","link":"https:\/\/progepe.ufpr.br\/portarias\/dd-2019-00571\/","title":{"rendered":"PORTARIA N\u00ba 00571\/DD, DE 21 DE NOVEMBRO DE 2019"},"content":{"rendered":"\n<p><strong>O Diretor Disciplinar da\nUniversidade Federal do Paran\u00e1, <\/strong>no uso de suas atribui\u00e7\u00f5es, tendo em\nvista a compet\u00eancia que lhe \u00e9 conferida pela Portaria n\u00ba 593\/REITORIA, de 28 de\nagosto de 2017, o disposto nos artigos 143, 147, 148, 149 e 152 da Lei n\u00ba\n8.112, de 11 de dezembro de 1990, e o que consta no Processo 23075.068178\/2019-06,<\/p>\n\n\n\n<p>RESOLVE:<\/p>\n\n\n\n<p>I &#8211; Prorrogar por 60 (sessenta) dias, a contar de 22 de novembro de 2019, o prazo para conclus\u00e3o dos trabalhos da Comiss\u00e3o de Processo Administrativo Disciplinar de que trata a Portaria n\u00ba 523\/DD, de 23 de setembro de 2019.<\/p>\n\n\n\n<p>II &#8211; Prorrogar o afastamento preventivo do servidor BRENO HAX JUNIOR \u2014 1084640, Professor do Magist\u00e9rio Superior, lotado no Departamento de Filosofia do Setor de Ci\u00eancias Humanas, do exerc\u00edcio do respectivo cargo p\u00fablico, ficando proibido de comparecer ao <em>campus<\/em> Reitoria, pelo prazo de 60 (sessenta) dias, a contar de 22 de novembro de 2019, sem preju\u00edzo da remunera\u00e7\u00e3o, a fim de que, como acusado no presente Processo Administrativo Disciplinar, n\u00e3o venha a influir na apura\u00e7\u00e3o dos fatos.<\/p>\n\n\n\n<p>III &#8211; O servidor afastado dever\u00e1 permanecer \u00e0 disposi\u00e7\u00e3o da Comiss\u00e3o de Processo Administrativo Disciplinar, no per\u00edodo acima consignado, e dever\u00e1 indicar endere\u00e7o, telefone e outros meios de contato suficientes para que possa ser encontrado.<\/p>\n\n\n\n<p style=\"text-align:right\">MANOEL\nROBERTO SILVA DE SOUZA<\/p>\n\n\n\n<p style=\"text-align:right\">Diretor\nDisciplinar<\/p>\n","protected":false},"excerpt":{"rendered":"<p>I &#8211; Prorrogar por 60 (sessenta) dias, a contar de 22 de novembro de 2019, o prazo para conclus\u00e3o dos trabalhos da Comiss\u00e3o de Processo Administrativo Disciplinar de que trata a Portaria n\u00ba 523\/DD, de 23 de setembro de 2019.  II &#8211; Prorrogar o afastamento preventivo do servidor BRENO HAX JUNIOR \u2014 1084640, Professor do Magist\u00e9rio Superior, lotado no Departamento de Filosofia do Setor de Ci\u00eancias Humanas, do exerc\u00edcio do respectivo cargo p\u00fablico, ficando proibido de comparecer ao <em>campus<\/em> Reitoria, pelo prazo de 60 (sessenta) dias, a contar de 22 de novembro de 2019, sem preju\u00edzo da<\/p>\n","protected":false},"author":12,"featured_media":0,"comment_status":"closed","ping_status":"closed","sticky":false,"template":"","format":"standard","meta":{"_acf_changed":false,"iawp_total_views":0,"footnotes":""},"categories":[118],"tags":[132],"class_list":["post-17280","post","type-post","status-publish","format-standard","hentry","category-dd","tag-pad-sindicancia"],"acf":[],"_links":{"self":[{"href":"https:\/\/progepe.ufpr.br\/portarias\/wp-json\/wp\/v2\/posts\/17280","targetHints":{"allow":["GET"]}}],"collection":[{"href":"https:\/\/progepe.ufpr.br\/portarias\/wp-json\/wp\/v2\/posts"}],"about":[{"href":"https:\/\/progepe.ufpr.br\/portarias\/wp-json\/wp\/v2\/types\/post"}],"author":[{"embeddable":true,"href":"https:\/\/progepe.ufpr.br\/portarias\/wp-json\/wp\/v2\/users\/12"}],"replies":[{"embeddable":true,"href":"https:\/\/progepe.ufpr.br\/portarias\/wp-json\/wp\/v2\/comments?post=17280"}],"version-history":[{"count":2,"href":"https:\/\/progepe.ufpr.br\/portarias\/wp-json\/wp\/v2\/posts\/17280\/revisions"}],"predecessor-version":[{"id":191409,"href":"https:\/\/progepe.ufpr.br\/portarias\/wp-json\/wp\/v2\/posts\/17280\/revisions\/191409"}],"wp:attachment":[{"href":"https:\/\/progepe.ufpr.br\/portarias\/wp-json\/wp\/v2\/media?parent=17280"}],"wp:term":[{"taxonomy":"category","embeddable":true,"href":"https:\/\/progepe.ufpr.br\/portarias\/wp-json\/wp\/v2\/categories?post=17280"},{"taxonomy":"post_tag","embeddable":true,"href":"https:\/\/progepe.ufpr.br\/portarias\/wp-json\/wp\/v2\/tags?post=17280"}],"curies":[{"name":"wp","href":"https:\/\/api.w.org\/{rel}","templated":true}]}}