{"id":173404,"date":"2009-05-12T05:02:00","date_gmt":"2009-05-12T08:02:00","guid":{"rendered":"http:\/\/progepe.ufpr.br\/portarias\/rt-2009-00234\/"},"modified":"2023-09-22T15:25:40","modified_gmt":"2023-09-22T18:25:40","slug":"rt-2009-00234","status":"publish","type":"post","link":"https:\/\/progepe.ufpr.br\/portarias\/rt-2009-00234\/","title":{"rendered":"PORTARIA N\u00ba 00234\/REITORIA, DE 12 DE MAIO DE 2009"},"content":{"rendered":"\n<p style=\"padding-left:43%\">O Vice-Reitor da Universidade Federal do Paran\u00e1, no exerc\u00edcio do cargo de Reitor, no uso de suas atribui\u00e7\u00f5es e tendo em vista o que consta no processo n\u00ba 072260\/2009-55,<\/p>\n\n\n\n<p style=\"padding-left:43%\"><strong>RESOLVE:<\/strong><\/p>\n\n\n\n<p>Convalidar, no per\u00edodo de 13 de dezembro de 2008 a 18 de mar\u00e7o de 2009, o exerc\u00edcio do cargo de Chefe do Departamento de Direito Privado, FG-01, do Setor de Ci\u00eancias Jur\u00eddicas, ao Professor CESAR ANTONIO SERBENA &#8211; 150401, CPF n\u00ba \u275a\u275a\u275a.\u275a\u275a\u275a.\u275a\u275a\u275a-\u275a\u275a, classe Adjunto, no regime de trabalho de dedica\u00e7\u00e3o exclusiva, por ter exercido o cargo no per\u00edodo informado.<\/p>\n","protected":false},"excerpt":{"rendered":"<p>Convalidar, no per\u00edodo de 13 de dezembro de 2008 a 18 de mar\u00e7o de 2009, o exerc\u00edcio do cargo de Chefe do Departamento de Direito Privado, FG-01, do Setor de Ci\u00eancias Jur\u00eddicas, ao Professor CESAR ANTONIO SERBENA &#8211; 150401, CPF n\u00ba \u275a\u275a\u275a.\u275a\u275a\u275a.\u275a\u275a\u275a-\u275a\u275a, classe Adjunto, no regime de trabalho de dedica\u00e7\u00e3o exclusiva, por ter exercido o cargo no per\u00edodo informado.<\/p>\n","protected":false},"author":41,"featured_media":0,"comment_status":"closed","ping_status":"closed","sticky":false,"template":"","format":"standard","meta":{"_acf_changed":false,"iawp_total_views":0,"footnotes":""},"categories":[117],"tags":[244],"class_list":["post-173404","post","type-post","status-publish","format-standard","hentry","category-rt","tag-chefe-suplente"],"acf":[],"_links":{"self":[{"href":"https:\/\/progepe.ufpr.br\/portarias\/wp-json\/wp\/v2\/posts\/173404","targetHints":{"allow":["GET"]}}],"collection":[{"href":"https:\/\/progepe.ufpr.br\/portarias\/wp-json\/wp\/v2\/posts"}],"about":[{"href":"https:\/\/progepe.ufpr.br\/portarias\/wp-json\/wp\/v2\/types\/post"}],"author":[{"embeddable":true,"href":"https:\/\/progepe.ufpr.br\/portarias\/wp-json\/wp\/v2\/users\/41"}],"replies":[{"embeddable":true,"href":"https:\/\/progepe.ufpr.br\/portarias\/wp-json\/wp\/v2\/comments?post=173404"}],"version-history":[{"count":13,"href":"https:\/\/progepe.ufpr.br\/portarias\/wp-json\/wp\/v2\/posts\/173404\/revisions"}],"predecessor-version":[{"id":251917,"href":"https:\/\/progepe.ufpr.br\/portarias\/wp-json\/wp\/v2\/posts\/173404\/revisions\/251917"}],"wp:attachment":[{"href":"https:\/\/progepe.ufpr.br\/portarias\/wp-json\/wp\/v2\/media?parent=173404"}],"wp:term":[{"taxonomy":"category","embeddable":true,"href":"https:\/\/progepe.ufpr.br\/portarias\/wp-json\/wp\/v2\/categories?post=173404"},{"taxonomy":"post_tag","embeddable":true,"href":"https:\/\/progepe.ufpr.br\/portarias\/wp-json\/wp\/v2\/tags?post=173404"}],"curies":[{"name":"wp","href":"https:\/\/api.w.org\/{rel}","templated":true}]}}