{"id":173410,"date":"2009-01-12T05:00:00","date_gmt":"2009-01-12T07:00:00","guid":{"rendered":"http:\/\/progepe.ufpr.br\/portarias\/rt-2009-00025\/"},"modified":"2023-07-31T17:33:21","modified_gmt":"2023-07-31T20:33:21","slug":"rt-2009-00025","status":"publish","type":"post","link":"https:\/\/progepe.ufpr.br\/portarias\/rt-2009-00025\/","title":{"rendered":"PORTARIA N\u00ba 00025\/REITORIA, DE 12 DE JANEIRO DE 2009"},"content":{"rendered":"\n<p>O Reitor da Universidade Federal do Paran\u00e1, no uso de suas atribui\u00e7\u00f5es e tendo em vista o que consta no processo n\u00ba 20019\/08-60,<\/p>\n\n\n<p><strong>RESOLVE:<\/strong><\/p>\n\n\n<p>Retificar a Portaria n\u00ba 1.426\/REITOR, de 02 de dezembro de 2008, referente \u00e0 nomea\u00e7\u00e3o do Professor LUCIO SOUZA LOBO &#8211; 200117 para exercer o cargo de Suplente do Chefe do Departamento de filosofia do Setor de Ci\u00eancias Humanas, Letras e Artes: Onde se l\u00ea: &#8230; O mandato ser\u00e1 de 02 (dois) anos, a partir da data de publica\u00e7\u00e3o em DOU da portaria de nomea\u00e7\u00e3o do titular&#8230;<\/p><p> Leia-se: &#8230; O mandato ser\u00e1 a partir de 12.05.08 at\u00e9 26.02.09, t\u00e9rmino do mandato do titular&#8230;<\/p><p><\/p>\n\n\n<div style=\"height:15px\" aria-hidden=\"true\" class=\"wp-block-spacer\"><\/div>\n\n\n<div class=\"wp-block-buttons is-content-justification-right is-layout-flex wp-container-core-buttons-is-layout-1 wp-block-buttons-is-layout-flex\">\n<div class=\"wp-block-button has-custom-font-size is-style-outline has-small-font-size is-style-outline--1\"><a class=\"wp-block-button__link\" href=\"https:\/\/progepe.ufpr.br\/portarias\/wp-content\/uploads\/pcp\/RT\/2009\/25R.pdf\" style=\"border-radius:0px\" target=\"_blank\" rel=\"noreferrer noopener\">Acesse o arquivo da portaria<\/a><\/div><\/div>\n","protected":false},"excerpt":{"rendered":"<p>Retificar a Portaria n\u00ba 1.426\/REITOR, de 02 de dezembro de 2008, referente \u00e0 nomea\u00e7\u00e3o do Professor LUCIO SOUZA LOBO &#8211; 200117 para exercer o cargo de Suplente do Chefe do Departamento de filosofia do Setor de Ci\u00eancias Humanas, Letras e Artes: Onde se l\u00ea: &#8230; O mandato ser\u00e1 de 02 (dois) anos, a partir da data de publica\u00e7\u00e3o em DOU da portaria de nomea\u00e7\u00e3o do titular&#8230; Leia-se: &#8230; O mandato ser\u00e1 a partir de 12.05.08 at\u00e9 26.02.09, t\u00e9rmino do mandato do titular&#8230;  {&#8220;height&#8221;:&#8221;15px&#8221;} <\/p>\n<div style=\"height:15px\" aria-hidden=\"true\" class=\"wp-block-spacer\"> <!-- \/wp:spacer  {\"layout\":{\"type\":\"flex\",\"justifyContent\":\"right\"}} \n\n<div class=\"wp-block-buttons\"><!-- wp:button {\"style\":{\"border\":{\"radius\":\"0px\"}},\"className\":\"is-style-outline\",\"fontSize\":\"small\"} \n\n<div class=\"wp-block-button \n\n","protected":false},"author":41,"featured_media":0,"comment_status":"closed","ping_status":"closed","sticky":false,"template":"wp-custom-template-emissao-entre-01-05-2004-ate-30-06-2017","format":"standard","meta":{"_acf_changed":false,"iawp_total_views":0,"footnotes":""},"categories":[117],"tags":[244],"class_list":["post-173410","post","type-post","status-publish","format-standard","hentry","category-rt","tag-chefe-suplente"],"acf":[],"_links":{"self":[{"href":"https:\/\/progepe.ufpr.br\/portarias\/wp-json\/wp\/v2\/posts\/173410","targetHints":{"allow":["GET"]}}],"collection":[{"href":"https:\/\/progepe.ufpr.br\/portarias\/wp-json\/wp\/v2\/posts"}],"about":[{"href":"https:\/\/progepe.ufpr.br\/portarias\/wp-json\/wp\/v2\/types\/post"}],"author":[{"embeddable":true,"href":"https:\/\/progepe.ufpr.br\/portarias\/wp-json\/wp\/v2\/users\/41"}],"replies":[{"embeddable":true,"href":"https:\/\/progepe.ufpr.br\/portarias\/wp-json\/wp\/v2\/comments?post=173410"}],"version-history":[{"count":1,"href":"https:\/\/progepe.ufpr.br\/portarias\/wp-json\/wp\/v2\/posts\/173410\/revisions"}],"predecessor-version":[{"id":212516,"href":"https:\/\/progepe.ufpr.br\/portarias\/wp-json\/wp\/v2\/posts\/173410\/revisions\/212516"}],"wp:attachment":[{"href":"https:\/\/progepe.ufpr.br\/portarias\/wp-json\/wp\/v2\/media?parent=173410"}],"wp:term":[{"taxonomy":"category","embeddable":true,"href":"https:\/\/progepe.ufpr.br\/portarias\/wp-json\/wp\/v2\/categories?post=173410"},{"taxonomy":"post_tag","embeddable":true,"href":"https:\/\/progepe.ufpr.br\/portarias\/wp-json\/wp\/v2\/tags?post=173410"}],"curies":[{"name":"wp","href":"https:\/\/api.w.org\/{rel}","templated":true}]}}