{"id":173501,"date":"2009-02-09T05:09:00","date_gmt":"2009-02-09T07:09:00","guid":{"rendered":"http:\/\/progepe.ufpr.br\/portarias\/rt-2009-00101\/"},"modified":"2023-08-03T13:02:53","modified_gmt":"2023-08-03T16:02:53","slug":"rt-2009-00101","status":"publish","type":"post","link":"https:\/\/progepe.ufpr.br\/portarias\/rt-2009-00101\/","title":{"rendered":"PORTARIA N\u00ba 00101\/REITORIA, DE 09 DE FEVEREIRO DE 2009"},"content":{"rendered":"\n<p>O Reitor da Universidade Federal do Paran\u00e1, no uso de suas atribui\u00e7\u00f5es e tendo em vista o que consta no processo n\u00ba 46419\/08-03,<\/p>\n\n\n<p><strong>RESOLVE:<\/strong><\/p>\n\n\n<p>Designar, conforme decis\u00e3o do Conselho de Planejamento e Administra\u00e7\u00e3o &#8211; COPLAD, na sess\u00e3o de 08 de outubro de 2008, os membros abaixo relacionados para comporem a comiss\u00e3o respons\u00e1vel pela elabora\u00e7\u00e3o do Plano de Desenvolvimento de Tecnologia de Informa\u00e7\u00e3o e Comunica\u00e7\u00e3o da Universidade Federal do Paran\u00e1, bem como o acompanhamento do processo de elabora\u00e7\u00e3o do contrato para cumprimento da demanda emergencial dos servi\u00e7os executados pelo Centro de Computa\u00e7\u00e3o Eletr\u00f4nica &#8211; CCE:.<\/p><p> Presidente: ROGERIO ANDRADE MULINARI &#8211; 142182.<\/p><p> Membros:.<\/p><p> JOSE MARCELO ROCHA ARANHA &#8211; 108758.<\/p><p> MAURO LACERDA SANTOS FILHO &#8211; 70793.<\/p><p> ETTIENE CORDEIRO GU\u00c9RIOS &#8211; 92452.<\/p><p> LEONOR DEM\u00c1RIO \u2013 94021.<\/p><p> LIGIA ELIANA SETENARESKI \u2013 109622.<\/p><p> PAULO TETUO YAMAMOTO \u2013 125296.<\/p><p> FLAVIO ZANETTE \u2013 166910.<\/p><p><\/p>\n\n\n<div style=\"height:15px\" aria-hidden=\"true\" class=\"wp-block-spacer\"><\/div>\n\n\n<div class=\"wp-block-buttons is-content-justification-right is-layout-flex wp-container-core-buttons-is-layout-1 wp-block-buttons-is-layout-flex\">\n<div class=\"wp-block-button has-custom-font-size is-style-outline has-small-font-size is-style-outline--1\"><a class=\"wp-block-button__link\" href=\"https:\/\/progepe.ufpr.br\/portarias\/wp-content\/uploads\/pcp\/RT\/2009\/101R.pdf\" style=\"border-radius:0px\" target=\"_blank\" rel=\"noreferrer noopener\">Acesse o arquivo da portaria<\/a><\/div><\/div>\n","protected":false},"excerpt":{"rendered":"<p>Designar, conforme decis\u00e3o do Conselho de Planejamento e Administra\u00e7\u00e3o &#8211; COPLAD, na sess\u00e3o de 08 de outubro de 2008, os membros abaixo relacionados para comporem a comiss\u00e3o respons\u00e1vel pela elabora\u00e7\u00e3o do Plano de Desenvolvimento de Tecnologia de Informa\u00e7\u00e3o e Comunica\u00e7\u00e3o da Universidade Federal do Paran\u00e1, bem como o acompanhamento do processo de elabora\u00e7\u00e3o do contrato para cumprimento da demanda emergencial dos servi\u00e7os executados pelo Centro de Computa\u00e7\u00e3o Eletr\u00f4nica &#8211; CCE:. Presidente: ROGERIO ANDRADE MULINARI &#8211; 142182. Membros:. JOSE MARCELO ROCHA ARANHA &#8211; 108758. MAURO LACERDA SANTOS FILHO &#8211; 70793. ETTIENE CORDEIRO GU\u00c9RIOS &#8211; 92452. LEONOR DEM\u00c1RIO \u2013 94021.<\/p>\n","protected":false},"author":41,"featured_media":0,"comment_status":"closed","ping_status":"closed","sticky":false,"template":"wp-custom-template-emissao-entre-01-05-2004-ate-30-06-2017","format":"standard","meta":{"_acf_changed":false,"iawp_total_views":0,"footnotes":""},"categories":[117],"tags":[124],"class_list":["post-173501","post","type-post","status-publish","format-standard","hentry","category-rt","tag-comissao"],"acf":[],"_links":{"self":[{"href":"https:\/\/progepe.ufpr.br\/portarias\/wp-json\/wp\/v2\/posts\/173501","targetHints":{"allow":["GET"]}}],"collection":[{"href":"https:\/\/progepe.ufpr.br\/portarias\/wp-json\/wp\/v2\/posts"}],"about":[{"href":"https:\/\/progepe.ufpr.br\/portarias\/wp-json\/wp\/v2\/types\/post"}],"author":[{"embeddable":true,"href":"https:\/\/progepe.ufpr.br\/portarias\/wp-json\/wp\/v2\/users\/41"}],"replies":[{"embeddable":true,"href":"https:\/\/progepe.ufpr.br\/portarias\/wp-json\/wp\/v2\/comments?post=173501"}],"version-history":[{"count":1,"href":"https:\/\/progepe.ufpr.br\/portarias\/wp-json\/wp\/v2\/posts\/173501\/revisions"}],"predecessor-version":[{"id":212607,"href":"https:\/\/progepe.ufpr.br\/portarias\/wp-json\/wp\/v2\/posts\/173501\/revisions\/212607"}],"wp:attachment":[{"href":"https:\/\/progepe.ufpr.br\/portarias\/wp-json\/wp\/v2\/media?parent=173501"}],"wp:term":[{"taxonomy":"category","embeddable":true,"href":"https:\/\/progepe.ufpr.br\/portarias\/wp-json\/wp\/v2\/categories?post=173501"},{"taxonomy":"post_tag","embeddable":true,"href":"https:\/\/progepe.ufpr.br\/portarias\/wp-json\/wp\/v2\/tags?post=173501"}],"curies":[{"name":"wp","href":"https:\/\/api.w.org\/{rel}","templated":true}]}}