{"id":173517,"date":"2009-07-01T05:06:00","date_gmt":"2009-07-01T08:06:00","guid":{"rendered":"http:\/\/progepe.ufpr.br\/portarias\/rt-2009-00337\/"},"modified":"2023-08-03T13:03:16","modified_gmt":"2023-08-03T16:03:16","slug":"rt-2009-00337","status":"publish","type":"post","link":"https:\/\/progepe.ufpr.br\/portarias\/rt-2009-00337\/","title":{"rendered":"PORTARIA N\u00ba 00337\/REITORIA, DE 01 DE JULHO DE 2009"},"content":{"rendered":"\n<p>O Vice-Reitor da Universidade Federal do Paran\u00e1, no exerc\u00edcio do cargo de Reitor, no uso de suas atribui\u00e7\u00f5es e tendo em vista o que consta no processo n\u00ba 020897\/2008-85,<\/p>\n\n\n<p><strong>RESOLVE:<\/strong><\/p>\n\n\n<p>Convalidar, a partir de 20 de maio de 2008, tendo em vista o disposto nos itens II e III do Art. 64 do Edital n\u00ba 02\/2008-NC, a composi\u00e7\u00e3o da comiss\u00e3o de an\u00e1lise dos documentos dos candidatos que optaram pelas vagas de inclus\u00e3o social na UFPR e dos demais candidatos classificados no Processo Seletivo 2008 do Setor Litoral, com os seguintes membros: Presidente: VALDO JOSE CAVALLET &#8211; 069639 Membros: ANTONIO LUIS SERBENA &#8211; 187984 BRENO BELLINTANI GUARDIA &#8211; 181161 DAVID JOSE DE ANDRADE SILVA &#8211; 189200 DOUGLAS ORTIZ HAMERMULLER &#8211; 191981 GABRIELA SCHENATO BICA &#8211; 188166 JACQUES PAUL DESCHAMPS &#8211; 189480 JOSE ROBERTO BURGER &#8211; 189260 JOSIANE PERUSSOLO CUNICO CONRADO &#8211; 192554 KELLY CRISTINE SCHIBELBAIN SANTOS &#8211; 191302 PAULA FERNANDA NOGUEIRA RAMALHO &#8211; 189251 SILVANA CASSIA HOELLER NONAKA &#8211; 185736<\/p><p><\/p>\n\n\n<div style=\"height:15px\" aria-hidden=\"true\" class=\"wp-block-spacer\"><\/div>\n\n\n<div class=\"wp-block-buttons is-content-justification-right is-layout-flex wp-container-core-buttons-is-layout-1 wp-block-buttons-is-layout-flex\">\n<div class=\"wp-block-button has-custom-font-size is-style-outline has-small-font-size is-style-outline--1\"><a class=\"wp-block-button__link\" href=\"https:\/\/progepe.ufpr.br\/portarias\/wp-content\/uploads\/pcp\/RT\/2009\/337R.pdf\" style=\"border-radius:0px\" target=\"_blank\" rel=\"noreferrer noopener\">Acesse o arquivo da portaria<\/a><\/div><\/div>\n","protected":false},"excerpt":{"rendered":"<p>Convalidar, a partir de 20 de maio de 2008, tendo em vista o disposto nos itens II e III do Art. 64 do Edital n\u00ba 02\/2008-NC, a composi\u00e7\u00e3o da comiss\u00e3o de an\u00e1lise dos documentos dos candidatos que optaram pelas vagas de inclus\u00e3o social na UFPR e dos demais candidatos classificados no Processo Seletivo 2008 do Setor Litoral, com os seguintes membros: Presidente: VALDO JOSE CAVALLET &#8211; 069639 Membros: ANTONIO LUIS SERBENA &#8211; 187984 BRENO BELLINTANI GUARDIA &#8211; 181161 DAVID JOSE DE ANDRADE SILVA &#8211; 189200 DOUGLAS ORTIZ HAMERMULLER &#8211; 191981 GABRIELA SCHENATO BICA &#8211; 188166 JACQUES PAUL DESCHAMPS<\/p>\n","protected":false},"author":41,"featured_media":0,"comment_status":"closed","ping_status":"closed","sticky":false,"template":"wp-custom-template-emissao-entre-01-05-2004-ate-30-06-2017","format":"standard","meta":{"_acf_changed":false,"iawp_total_views":1,"footnotes":""},"categories":[117],"tags":[124],"class_list":["post-173517","post","type-post","status-publish","format-standard","hentry","category-rt","tag-comissao"],"acf":[],"_links":{"self":[{"href":"https:\/\/progepe.ufpr.br\/portarias\/wp-json\/wp\/v2\/posts\/173517","targetHints":{"allow":["GET"]}}],"collection":[{"href":"https:\/\/progepe.ufpr.br\/portarias\/wp-json\/wp\/v2\/posts"}],"about":[{"href":"https:\/\/progepe.ufpr.br\/portarias\/wp-json\/wp\/v2\/types\/post"}],"author":[{"embeddable":true,"href":"https:\/\/progepe.ufpr.br\/portarias\/wp-json\/wp\/v2\/users\/41"}],"replies":[{"embeddable":true,"href":"https:\/\/progepe.ufpr.br\/portarias\/wp-json\/wp\/v2\/comments?post=173517"}],"version-history":[{"count":1,"href":"https:\/\/progepe.ufpr.br\/portarias\/wp-json\/wp\/v2\/posts\/173517\/revisions"}],"predecessor-version":[{"id":212623,"href":"https:\/\/progepe.ufpr.br\/portarias\/wp-json\/wp\/v2\/posts\/173517\/revisions\/212623"}],"wp:attachment":[{"href":"https:\/\/progepe.ufpr.br\/portarias\/wp-json\/wp\/v2\/media?parent=173517"}],"wp:term":[{"taxonomy":"category","embeddable":true,"href":"https:\/\/progepe.ufpr.br\/portarias\/wp-json\/wp\/v2\/categories?post=173517"},{"taxonomy":"post_tag","embeddable":true,"href":"https:\/\/progepe.ufpr.br\/portarias\/wp-json\/wp\/v2\/tags?post=173517"}],"curies":[{"name":"wp","href":"https:\/\/api.w.org\/{rel}","templated":true}]}}