{"id":173534,"date":"2009-01-22T05:01:00","date_gmt":"2009-01-22T07:01:00","guid":{"rendered":"http:\/\/progepe.ufpr.br\/portarias\/rt-2009-00044\/"},"modified":"2023-08-03T13:02:45","modified_gmt":"2023-08-03T16:02:45","slug":"rt-2009-00044","status":"publish","type":"post","link":"https:\/\/progepe.ufpr.br\/portarias\/rt-2009-00044\/","title":{"rendered":"PORTARIA N\u00ba 00044\/REITORIA, DE 22 DE JANEIRO DE 2009"},"content":{"rendered":"\n<p>O Reitor da Universidade Federal do Paran\u00e1, no uso de suas atribui\u00e7\u00f5es e tendo em vista o que consta no Processo N\u00ba 60186\/09-24,<\/p>\n\n\n<p><strong>RESOLVE:<\/strong><\/p>\n\n\n<p>Designar, conforme o disposto no par\u00e1grafo \u00fanico do Art. 75 do Edital N\u00ba 04\/2008 \u2013 NC, os membros abaixo relacionados para comporem a Comiss\u00e3o respons\u00e1vel pela an\u00e1lise dos documentos dos candidatos que optaram pelas vagas de Inclus\u00e3o Social na UFPR e pela an\u00e1lise dos documentos dos demais candidatos classificados no Processo Seletivo: Presidente: ROBSON TADEU BOLZON Membros: ACIR ROBERTO BLANC ANNA JUNGBLUTH FERNANDA BARBOSA DE SOUZA LAIRDES FIGUEREDO CHEKE MADLAINE CELIA DE LIMA M\u00c1RCIA REGINA NOGOCHALE BONETI MARINA LUPEPSO RODRIGO ANTONIO MACHADO SIMONE CRISTINE CAVALLARI SIRLENE DAS NEVES VANESSA SAKURAGUI<\/p><p><\/p>\n\n\n<div style=\"height:15px\" aria-hidden=\"true\" class=\"wp-block-spacer\"><\/div>\n\n\n<div class=\"wp-block-buttons is-content-justification-right is-layout-flex wp-container-core-buttons-is-layout-1 wp-block-buttons-is-layout-flex\">\n<div class=\"wp-block-button has-custom-font-size is-style-outline has-small-font-size is-style-outline--1\"><a class=\"wp-block-button__link\" href=\"https:\/\/progepe.ufpr.br\/portarias\/wp-content\/uploads\/pcp\/RT\/2009\/44R.pdf\" style=\"border-radius:0px\" target=\"_blank\" rel=\"noreferrer noopener\">Acesse o arquivo da portaria<\/a><\/div><\/div>\n","protected":false},"excerpt":{"rendered":"<p>Designar, conforme o disposto no par\u00e1grafo \u00fanico do Art. 75 do Edital N\u00ba 04\/2008 \u2013 NC, os membros abaixo relacionados para comporem a Comiss\u00e3o respons\u00e1vel pela an\u00e1lise dos documentos dos candidatos que optaram pelas vagas de Inclus\u00e3o Social na UFPR e pela an\u00e1lise dos documentos dos demais candidatos classificados no Processo Seletivo: Presidente: ROBSON TADEU BOLZON Membros: ACIR ROBERTO BLANC ANNA JUNGBLUTH FERNANDA BARBOSA DE SOUZA LAIRDES FIGUEREDO CHEKE MADLAINE CELIA DE LIMA M\u00c1RCIA REGINA NOGOCHALE BONETI MARINA LUPEPSO RODRIGO ANTONIO MACHADO SIMONE CRISTINE CAVALLARI SIRLENE DAS NEVES VANESSA SAKURAGUI  {&#8220;height&#8221;:&#8221;15px&#8221;} <\/p>\n<div style=\"height:15px\" aria-hidden=\"true\" class=\"wp-block-spacer\"> <!-- \/wp:spacer\n<\/p>\n","protected":false},"author":41,"featured_media":0,"comment_status":"closed","ping_status":"closed","sticky":false,"template":"wp-custom-template-emissao-entre-01-05-2004-ate-30-06-2017","format":"standard","meta":{"_acf_changed":false,"iawp_total_views":3,"footnotes":""},"categories":[117],"tags":[124],"class_list":["post-173534","post","type-post","status-publish","format-standard","hentry","category-rt","tag-comissao"],"acf":[],"_links":{"self":[{"href":"https:\/\/progepe.ufpr.br\/portarias\/wp-json\/wp\/v2\/posts\/173534","targetHints":{"allow":["GET"]}}],"collection":[{"href":"https:\/\/progepe.ufpr.br\/portarias\/wp-json\/wp\/v2\/posts"}],"about":[{"href":"https:\/\/progepe.ufpr.br\/portarias\/wp-json\/wp\/v2\/types\/post"}],"author":[{"embeddable":true,"href":"https:\/\/progepe.ufpr.br\/portarias\/wp-json\/wp\/v2\/users\/41"}],"replies":[{"embeddable":true,"href":"https:\/\/progepe.ufpr.br\/portarias\/wp-json\/wp\/v2\/comments?post=173534"}],"version-history":[{"count":1,"href":"https:\/\/progepe.ufpr.br\/portarias\/wp-json\/wp\/v2\/posts\/173534\/revisions"}],"predecessor-version":[{"id":212640,"href":"https:\/\/progepe.ufpr.br\/portarias\/wp-json\/wp\/v2\/posts\/173534\/revisions\/212640"}],"wp:attachment":[{"href":"https:\/\/progepe.ufpr.br\/portarias\/wp-json\/wp\/v2\/media?parent=173534"}],"wp:term":[{"taxonomy":"category","embeddable":true,"href":"https:\/\/progepe.ufpr.br\/portarias\/wp-json\/wp\/v2\/categories?post=173534"},{"taxonomy":"post_tag","embeddable":true,"href":"https:\/\/progepe.ufpr.br\/portarias\/wp-json\/wp\/v2\/tags?post=173534"}],"curies":[{"name":"wp","href":"https:\/\/api.w.org\/{rel}","templated":true}]}}