{"id":173540,"date":"2009-01-22T05:03:00","date_gmt":"2009-01-22T07:03:00","guid":{"rendered":"http:\/\/progepe.ufpr.br\/portarias\/rt-2009-00046\/"},"modified":"2023-08-03T13:02:46","modified_gmt":"2023-08-03T16:02:46","slug":"rt-2009-00046","status":"publish","type":"post","link":"https:\/\/progepe.ufpr.br\/portarias\/rt-2009-00046\/","title":{"rendered":"PORTARIA N\u00ba 00046\/REITORIA, DE 22 DE JANEIRO DE 2009"},"content":{"rendered":"\n<p>O Reitor da Universidade Federal do Paran\u00e1, no uso de suas atribui\u00e7\u00f5es e tendo em vista o que consta no Processo N\u00ba 60186\/09-24,<\/p>\n\n\n<p><strong>RESOLVE:<\/strong><\/p>\n\n\n<p>Designar, conforme o disposto no par\u00e1grafo \u00fanico do Art. 75 do Edital N\u00ba 04\/2008 \u2013 NC, os membros abaixo relacionados para comporem a Comiss\u00e3o respons\u00e1vel pela an\u00e1lise dos documentos dos candidatos que optaram pelas vagas para pessoas com Defici\u00eancia no Processo Seletivo da UFPR: Presidente: Laura Ceretta Moreira \u2013 PROGRAD\/NAPNE \u2013 DEPLAE \u2013 Setor de Educa\u00e7\u00e3o Suplente: Maria Augusta Bolsanello \u2013 DETFE \u2013 Setor de Educa\u00e7\u00e3o Membros: Claudia Omairi \u2013 Setor de Sa\u00fade \u2013 Curso de Terapia Ocupacional Fernando Wolf Mendon\u00e7a \u2013 PROGRAD\/NAPNE\/Fonoaudi\u00f3logo Lucia Helena Coutinho dos Santos \u2013 Setor de Sa\u00fade \u2013 Departamento de Pediatria Marina Redekop Cassapian \u2013 Setor de Sa\u00fade \u2013 Curso de Terapia Ocupacional M\u00f4nica de Macedo Cardoso \u2013 Setor de Sa\u00fade \u2013 Curso de Terapia Ocupacional Neusa Moro \u2013 PROGRAD\/NC Paulo Ross \u2013 DEPLAE \u2013 Setor de Educa\u00e7\u00e3o Regina C\u00e9lia Titotto Castanharo \u2013 Setor de Sa\u00fade \u2013 Curso de Terapia Ocupacional Rosangela Gehrke Seger \u2013 PROGRAD\/NAPNE Rosibeth Del Carmen Mun\u00f5z Palm \u2013 Setor de Sa\u00fade \u2013 Curso de Terapia Ocupacional Rui Fernando Pilotto \u2013 M\u00e9dico \u2013 Depto. De Gen\u00e9tica \u2013 UFPR Ruth Cidade \u2013 Depto. De Educa\u00e7\u00e3o F\u00edsica Sueli Fernandes \u2013 DTFE \u2013 Setor de Educa\u00e7\u00e3o Vera Israel \u2013 Campus Litoral sd<\/p><p><\/p>\n\n\n<div style=\"height:15px\" aria-hidden=\"true\" class=\"wp-block-spacer\"><\/div>\n\n\n<div class=\"wp-block-buttons is-content-justification-right is-layout-flex wp-container-core-buttons-is-layout-1 wp-block-buttons-is-layout-flex\">\n<div class=\"wp-block-button has-custom-font-size is-style-outline has-small-font-size is-style-outline--1\"><a class=\"wp-block-button__link\" href=\"https:\/\/progepe.ufpr.br\/portarias\/wp-content\/uploads\/pcp\/RT\/2009\/46R.pdf\" style=\"border-radius:0px\" target=\"_blank\" rel=\"noreferrer noopener\">Acesse o arquivo da portaria<\/a><\/div><\/div>\n","protected":false},"excerpt":{"rendered":"<p>Designar, conforme o disposto no par\u00e1grafo \u00fanico do Art. 75 do Edital N\u00ba 04\/2008 \u2013 NC, os membros abaixo relacionados para comporem a Comiss\u00e3o respons\u00e1vel pela an\u00e1lise dos documentos dos candidatos que optaram pelas vagas para pessoas com Defici\u00eancia no Processo Seletivo da UFPR: Presidente: Laura Ceretta Moreira \u2013 PROGRAD\/NAPNE \u2013 DEPLAE \u2013 Setor de Educa\u00e7\u00e3o Suplente: Maria Augusta Bolsanello \u2013 DETFE \u2013 Setor de Educa\u00e7\u00e3o Membros: Claudia Omairi \u2013 Setor de Sa\u00fade \u2013 Curso de Terapia Ocupacional Fernando Wolf Mendon\u00e7a \u2013 PROGRAD\/NAPNE\/Fonoaudi\u00f3logo Lucia Helena Coutinho dos Santos \u2013 Setor de Sa\u00fade \u2013 Departamento de Pediatria Marina Redekop<\/p>\n","protected":false},"author":41,"featured_media":0,"comment_status":"closed","ping_status":"closed","sticky":false,"template":"wp-custom-template-emissao-entre-01-05-2004-ate-30-06-2017","format":"standard","meta":{"_acf_changed":false,"iawp_total_views":0,"footnotes":""},"categories":[117],"tags":[124],"class_list":["post-173540","post","type-post","status-publish","format-standard","hentry","category-rt","tag-comissao"],"acf":[],"_links":{"self":[{"href":"https:\/\/progepe.ufpr.br\/portarias\/wp-json\/wp\/v2\/posts\/173540","targetHints":{"allow":["GET"]}}],"collection":[{"href":"https:\/\/progepe.ufpr.br\/portarias\/wp-json\/wp\/v2\/posts"}],"about":[{"href":"https:\/\/progepe.ufpr.br\/portarias\/wp-json\/wp\/v2\/types\/post"}],"author":[{"embeddable":true,"href":"https:\/\/progepe.ufpr.br\/portarias\/wp-json\/wp\/v2\/users\/41"}],"replies":[{"embeddable":true,"href":"https:\/\/progepe.ufpr.br\/portarias\/wp-json\/wp\/v2\/comments?post=173540"}],"version-history":[{"count":1,"href":"https:\/\/progepe.ufpr.br\/portarias\/wp-json\/wp\/v2\/posts\/173540\/revisions"}],"predecessor-version":[{"id":212646,"href":"https:\/\/progepe.ufpr.br\/portarias\/wp-json\/wp\/v2\/posts\/173540\/revisions\/212646"}],"wp:attachment":[{"href":"https:\/\/progepe.ufpr.br\/portarias\/wp-json\/wp\/v2\/media?parent=173540"}],"wp:term":[{"taxonomy":"category","embeddable":true,"href":"https:\/\/progepe.ufpr.br\/portarias\/wp-json\/wp\/v2\/categories?post=173540"},{"taxonomy":"post_tag","embeddable":true,"href":"https:\/\/progepe.ufpr.br\/portarias\/wp-json\/wp\/v2\/tags?post=173540"}],"curies":[{"name":"wp","href":"https:\/\/api.w.org\/{rel}","templated":true}]}}