{"id":173547,"date":"2009-08-07T05:00:00","date_gmt":"2009-08-07T08:00:00","guid":{"rendered":"http:\/\/progepe.ufpr.br\/portarias\/rt-2009-00493\/"},"modified":"2024-09-17T13:11:15","modified_gmt":"2024-09-17T16:11:15","slug":"rt-2009-00493","status":"publish","type":"post","link":"https:\/\/progepe.ufpr.br\/portarias\/rt-2009-00493\/","title":{"rendered":"PORTARIA N\u00ba 00493\/REITORIA, DE 07 DE AGOSTO DE 2009"},"content":{"rendered":"\n<p style=\"padding-left:43%\">O Reitor da Universidade Federal do Paran\u00e1, no uso de suas atribui\u00e7\u00f5es e tendo em vista o que consta no processo n\u00ba 096790\/2009-99,<\/p>\n\n\n\n<p style=\"padding-left:43%\"><strong>RESOLVE:<\/strong><\/p>\n\n\n\n<p>I. Designar, para integrar a Comiss\u00e3o de \u00c9tica da Universidade Federal do Paran\u00e1, os seguintes membros:<\/p>\n\n\n\n<figure class=\"wp-block-table aligncenter has-small-font-size\"><table><tbody><tr><td class=\"has-text-align-right\" data-align=\"right\"><strong>Presidente:<\/strong><\/td><td>PAULO DE TARSO DA CUNHA CHAVES &#8211; 102601<\/td><td>(3 anos)<\/td><\/tr><tr><td class=\"has-text-align-right\" data-align=\"right\"><strong>Titulares:<\/strong><\/td><td>MARINES DE PAULI THOMAZ &#8211; 133981<br>DIONEI JOSE DA SILVA &#8211; 102822<\/td><td>(2 anos)<br>(2 anos)<\/td><\/tr><tr><td class=\"has-text-align-right\" data-align=\"right\"><strong>Suplentes:<\/strong><\/td><td>LARYSSA MARTINS BORN &#8211; 106674<br>RITA DE CASSIA LOPES &#8211; 076970<br>ROBSON TADEU BOLZON &#8211; 126233<\/td><td>(3 anos)<br>(1 ano)<br>(2 anos)<\/td><\/tr><tr><td class=\"has-text-align-right\" data-align=\"right\"><strong>Secret\u00e1ria:<\/strong><\/td><td>PATRIZIA JUCARA FERRI PANCOTTO<\/td><td><\/td><\/tr><\/tbody><\/table><\/figure>\n\n\n\n<div style=\"height:1em\" aria-hidden=\"true\" class=\"wp-block-spacer\"><\/div>\n\n\n\n<p>II. Esta Portaria cessa os efeitos da <a href=\"https:\/\/progepe.ufpr.br\/portarias\/rt-2007-00840\/\" data-type=\"post\" data-id=\"184224\">Portaria n\u00ba 840\/REITOR, de 13 de agosto de 2007<\/a>.<\/p>\n","protected":false},"excerpt":{"rendered":"<p>I. Designar, para integrar a Comiss\u00e3o de \u00c9tica da Universidade Federal do Paran\u00e1, os seguintes membros:  <!-- wp:table {\"align\":\"center\",\"fontSize\":\"small\"} \n\n<figure class=\"wp-block-table aligncenter has-small-font-size\">\n\n<table>\n\n<tbody>\n\n<tr>\n\n<td class=\"has-text-align-right\" data-align=\"right\"><strong>Presidente:<\/strong><\/td>\n\n\n\n<td>PAULO DE TARSO DA CUNHA CHAVES - 102601<\/td>\n\n\n\n<td>(3 anos)<\/td>\n\n<\/tr>\n\n\n\n<tr>\n\n<td class=\"has-text-align-right\" data-align=\"right\"><strong>Titulares:<\/strong><\/td>\n\n\n\n<td>MARINES DE PAULI THOMAZ - 133981<br \/>DIONEI JOSE DA SILVA - 102822<\/td>\n\n\n\n<td>(2 anos)<br \/>(2 anos)<\/td>\n\n<\/tr>\n\n\n\n<tr>\n\n<td class=\"has-text-align-right\" data-align=\"right\"><strong>Suplentes:<\/strong><\/td>\n\n\n\n<td>LARYSSA MARTINS BORN - 106674<br \/>RITA DE CASSIA LOPES - 076970<br \/>ROBSON TADEU BOLZON - 126233<\/td>\n\n\n\n<td>(3 anos)<br \/>(1 ano)<br \/>(2 anos)<\/td>\n\n<\/tr>\n\n\n\n<tr>\n\n<td class=\"has-text-align-right\" data-align=\"right\"><strong>Secret\u00e1ria:<\/strong><\/td>\n\n\n\n<td>PATRIZIA JUCARA FERRI PANCOTTO<\/td>\n\n\n\n<td><\/td>\n\n<\/tr>\n\n<\/tbody>\n\n<\/table>\n\n<\/figure>\n\n <!--\n<\/p>\n","protected":false},"author":41,"featured_media":0,"comment_status":"closed","ping_status":"closed","sticky":false,"template":"","format":"standard","meta":{"_acf_changed":false,"iawp_total_views":5,"footnotes":""},"categories":[117],"tags":[124],"class_list":["post-173547","post","type-post","status-publish","format-standard","hentry","category-rt","tag-comissao"],"acf":[],"_links":{"self":[{"href":"https:\/\/progepe.ufpr.br\/portarias\/wp-json\/wp\/v2\/posts\/173547","targetHints":{"allow":["GET"]}}],"collection":[{"href":"https:\/\/progepe.ufpr.br\/portarias\/wp-json\/wp\/v2\/posts"}],"about":[{"href":"https:\/\/progepe.ufpr.br\/portarias\/wp-json\/wp\/v2\/types\/post"}],"author":[{"embeddable":true,"href":"https:\/\/progepe.ufpr.br\/portarias\/wp-json\/wp\/v2\/users\/41"}],"replies":[{"embeddable":true,"href":"https:\/\/progepe.ufpr.br\/portarias\/wp-json\/wp\/v2\/comments?post=173547"}],"version-history":[{"count":4,"href":"https:\/\/progepe.ufpr.br\/portarias\/wp-json\/wp\/v2\/posts\/173547\/revisions"}],"predecessor-version":[{"id":257332,"href":"https:\/\/progepe.ufpr.br\/portarias\/wp-json\/wp\/v2\/posts\/173547\/revisions\/257332"}],"wp:attachment":[{"href":"https:\/\/progepe.ufpr.br\/portarias\/wp-json\/wp\/v2\/media?parent=173547"}],"wp:term":[{"taxonomy":"category","embeddable":true,"href":"https:\/\/progepe.ufpr.br\/portarias\/wp-json\/wp\/v2\/categories?post=173547"},{"taxonomy":"post_tag","embeddable":true,"href":"https:\/\/progepe.ufpr.br\/portarias\/wp-json\/wp\/v2\/tags?post=173547"}],"curies":[{"name":"wp","href":"https:\/\/api.w.org\/{rel}","templated":true}]}}