{"id":173562,"date":"2009-09-25T05:00:00","date_gmt":"2009-09-25T08:00:00","guid":{"rendered":"http:\/\/progepe.ufpr.br\/portarias\/rt-2009-00583\/"},"modified":"2023-07-31T17:33:36","modified_gmt":"2023-07-31T20:33:36","slug":"rt-2009-00583","status":"publish","type":"post","link":"https:\/\/progepe.ufpr.br\/portarias\/rt-2009-00583\/","title":{"rendered":"PORTARIA N\u00ba 00583\/REITORIA, DE 25 DE SETEMBRO DE 2009"},"content":{"rendered":"\n<p>O Reitor da Universidade Federal do Paran\u00e1, no uso de suas atribui\u00e7\u00f5es e tendo em vista o contido no processo n\u00ba 101866\/2009-13,<\/p>\n\n\n<p><strong>RESOLVE:<\/strong><\/p>\n\n\n<p>Designar, conforme decis\u00e3o do Conselho de Ensino Pesquisa e Extens\u00e3o &#8211; CEPE, na sess\u00e3o de 25 de setembro de 2009, os membros abaixo relacionados para comporem a comiss\u00e3o encarregada de propor a adequa\u00e7\u00e3o da Resolu\u00e7\u00e3o 38\/07-CEPE \u00e0s normas referentes a concurso p\u00fablico alteradas pelo Decreto 6.944\/09 de 21 de agosto de 2009: Presidente: JAYME BORDINI JUNIOR &#8211; 100595 Membros: ROMUALDO WANDRESEN &#8211; 62758 IVAN VENSON &#8211; 185582 Assessoria T\u00e9cnica: ANA MARIA GUIMAR\u00c3ES DA CRUZ &#8211; 163783 TEREZINHA MILHORIN DE BRITTO MORETTI &#8211; 172022<\/p><p><\/p>\n\n\n<div style=\"height:15px\" aria-hidden=\"true\" class=\"wp-block-spacer\"><\/div>\n\n\n<div class=\"wp-block-buttons is-content-justification-right is-layout-flex wp-container-core-buttons-is-layout-1 wp-block-buttons-is-layout-flex\">\n<div class=\"wp-block-button has-custom-font-size is-style-outline has-small-font-size is-style-outline--1\"><a class=\"wp-block-button__link\" href=\"https:\/\/progepe.ufpr.br\/portarias\/wp-content\/uploads\/pcp\/RT\/2009\/583R.pdf\" style=\"border-radius:0px\" target=\"_blank\" rel=\"noreferrer noopener\">Acesse o arquivo da portaria<\/a><\/div><\/div>\n","protected":false},"excerpt":{"rendered":"<p>Designar, conforme decis\u00e3o do Conselho de Ensino Pesquisa e Extens\u00e3o &#8211; CEPE, na sess\u00e3o de 25 de setembro de 2009, os membros abaixo relacionados para comporem a comiss\u00e3o encarregada de propor a adequa\u00e7\u00e3o da Resolu\u00e7\u00e3o 38\/07-CEPE \u00e0s normas referentes a concurso p\u00fablico alteradas pelo Decreto 6.944\/09 de 21 de agosto de 2009: Presidente: JAYME BORDINI JUNIOR &#8211; 100595 Membros: ROMUALDO WANDRESEN &#8211; 62758 IVAN VENSON &#8211; 185582 Assessoria T\u00e9cnica: ANA MARIA GUIMAR\u00c3ES DA CRUZ &#8211; 163783 TEREZINHA MILHORIN DE BRITTO MORETTI &#8211; 172022  {&#8220;height&#8221;:&#8221;15px&#8221;} <\/p>\n<div style=\"height:15px\" aria-hidden=\"true\" class=\"wp-block-spacer\"> <!-- \/wp:spacer  {\"layout\":{\"type\":\"flex\",\"justifyContent\":\"right\"}} \n\n<div class=\"wp-block-buttons\"><!-- wp:button {\"style\":{\"border\":{\"radius\":\"0px\"}},\"className\":\"is-style-outline\",\"fontSize\":\"small\"} \n\n<div \n\n","protected":false},"author":41,"featured_media":0,"comment_status":"closed","ping_status":"closed","sticky":false,"template":"wp-custom-template-emissao-entre-01-05-2004-ate-30-06-2017","format":"standard","meta":{"_acf_changed":false,"iawp_total_views":0,"footnotes":""},"categories":[117],"tags":[124],"class_list":["post-173562","post","type-post","status-publish","format-standard","hentry","category-rt","tag-comissao"],"acf":[],"_links":{"self":[{"href":"https:\/\/progepe.ufpr.br\/portarias\/wp-json\/wp\/v2\/posts\/173562","targetHints":{"allow":["GET"]}}],"collection":[{"href":"https:\/\/progepe.ufpr.br\/portarias\/wp-json\/wp\/v2\/posts"}],"about":[{"href":"https:\/\/progepe.ufpr.br\/portarias\/wp-json\/wp\/v2\/types\/post"}],"author":[{"embeddable":true,"href":"https:\/\/progepe.ufpr.br\/portarias\/wp-json\/wp\/v2\/users\/41"}],"replies":[{"embeddable":true,"href":"https:\/\/progepe.ufpr.br\/portarias\/wp-json\/wp\/v2\/comments?post=173562"}],"version-history":[{"count":1,"href":"https:\/\/progepe.ufpr.br\/portarias\/wp-json\/wp\/v2\/posts\/173562\/revisions"}],"predecessor-version":[{"id":212668,"href":"https:\/\/progepe.ufpr.br\/portarias\/wp-json\/wp\/v2\/posts\/173562\/revisions\/212668"}],"wp:attachment":[{"href":"https:\/\/progepe.ufpr.br\/portarias\/wp-json\/wp\/v2\/media?parent=173562"}],"wp:term":[{"taxonomy":"category","embeddable":true,"href":"https:\/\/progepe.ufpr.br\/portarias\/wp-json\/wp\/v2\/categories?post=173562"},{"taxonomy":"post_tag","embeddable":true,"href":"https:\/\/progepe.ufpr.br\/portarias\/wp-json\/wp\/v2\/tags?post=173562"}],"curies":[{"name":"wp","href":"https:\/\/api.w.org\/{rel}","templated":true}]}}