{"id":173563,"date":"2009-10-05T05:00:00","date_gmt":"2009-10-05T08:00:00","guid":{"rendered":"http:\/\/progepe.ufpr.br\/portarias\/rt-2009-00591\/"},"modified":"2023-07-31T17:33:36","modified_gmt":"2023-07-31T20:33:36","slug":"rt-2009-00591","status":"publish","type":"post","link":"https:\/\/progepe.ufpr.br\/portarias\/rt-2009-00591\/","title":{"rendered":"PORTARIA N\u00ba 00591\/REITORIA, DE 05 DE OUTUBRO DE 2009"},"content":{"rendered":"\n<p>O Reitor da Universidade Federal do Paran\u00e1, no uso de suas atribui\u00e7\u00f5es e tendo em vista o que consta no processo n\u00ba 029023\/2007-11,<\/p>\n\n\n<p><strong>RESOLVE:<\/strong><\/p>\n\n\n<p>Designar os Professores EGON BOCKMANN MOREIRA &#8211; 190870, classe Adjunto, lotado na Coordena\u00e7\u00e3o do Curso de P\u00f3s-Gradua\u00e7\u00e3o em Direito do Setor de Ci\u00eancias Jur\u00eddicas; NEY AUGUSTO NASCIMENTO &#8211; 067237, classe Titular, lotado na Coordena\u00e7\u00e3o do Curso de P\u00f3s-Gradua\u00e7\u00e3o em Constru\u00e7\u00e3o Civil do Setor de Tecnologia; e, o servidor SINUE NAICO &#8211; 052132, Assistente em Administra\u00e7\u00e3o, lotado Coordena\u00e7\u00e3o do Curso de Engenharia Ambiental do Setor de Tecnologia, para, sob a presid\u00eancia do primeiro, constitu\u00edrem Comiss\u00e3o de Sindic\u00e2ncia para aprecia\u00e7\u00e3o das quest\u00f5es apresentadas no Parecer da Procuradoria Federal na UFPR no processo n\u00ba 23075.005946\/2006-26, referente ao Conv\u00eanio n\u00ba 201\/04, firmado entre UFPR-ET\/FUNPAR\/ITDE.<\/p><p><\/p>\n\n\n<div style=\"height:15px\" aria-hidden=\"true\" class=\"wp-block-spacer\"><\/div>\n\n\n<div class=\"wp-block-buttons is-content-justification-right is-layout-flex wp-container-core-buttons-is-layout-1 wp-block-buttons-is-layout-flex\">\n<div class=\"wp-block-button has-custom-font-size is-style-outline has-small-font-size is-style-outline--1\"><a class=\"wp-block-button__link\" href=\"https:\/\/progepe.ufpr.br\/portarias\/wp-content\/uploads\/pcp\/RT\/2009\/591R.pdf\" style=\"border-radius:0px\" target=\"_blank\" rel=\"noreferrer noopener\">Acesse o arquivo da portaria<\/a><\/div><\/div>\n","protected":false},"excerpt":{"rendered":"<p>Designar os Professores EGON BOCKMANN MOREIRA &#8211; 190870, classe Adjunto, lotado na Coordena\u00e7\u00e3o do Curso de P\u00f3s-Gradua\u00e7\u00e3o em Direito do Setor de Ci\u00eancias Jur\u00eddicas; NEY AUGUSTO NASCIMENTO &#8211; 067237, classe Titular, lotado na Coordena\u00e7\u00e3o do Curso de P\u00f3s-Gradua\u00e7\u00e3o em Constru\u00e7\u00e3o Civil do Setor de Tecnologia; e, o servidor SINUE NAICO &#8211; 052132, Assistente em Administra\u00e7\u00e3o, lotado Coordena\u00e7\u00e3o do Curso de Engenharia Ambiental do Setor de Tecnologia, para, sob a presid\u00eancia do primeiro, constitu\u00edrem Comiss\u00e3o de Sindic\u00e2ncia para aprecia\u00e7\u00e3o das quest\u00f5es apresentadas no Parecer da Procuradoria Federal na UFPR no processo n\u00ba 23075.005946\/2006-26, referente ao Conv\u00eanio n\u00ba 201\/04, firmado<\/p>\n","protected":false},"author":41,"featured_media":0,"comment_status":"closed","ping_status":"closed","sticky":false,"template":"wp-custom-template-emissao-entre-01-05-2004-ate-30-06-2017","format":"standard","meta":{"_acf_changed":false,"iawp_total_views":0,"footnotes":""},"categories":[117],"tags":[124],"class_list":["post-173563","post","type-post","status-publish","format-standard","hentry","category-rt","tag-comissao"],"acf":[],"_links":{"self":[{"href":"https:\/\/progepe.ufpr.br\/portarias\/wp-json\/wp\/v2\/posts\/173563","targetHints":{"allow":["GET"]}}],"collection":[{"href":"https:\/\/progepe.ufpr.br\/portarias\/wp-json\/wp\/v2\/posts"}],"about":[{"href":"https:\/\/progepe.ufpr.br\/portarias\/wp-json\/wp\/v2\/types\/post"}],"author":[{"embeddable":true,"href":"https:\/\/progepe.ufpr.br\/portarias\/wp-json\/wp\/v2\/users\/41"}],"replies":[{"embeddable":true,"href":"https:\/\/progepe.ufpr.br\/portarias\/wp-json\/wp\/v2\/comments?post=173563"}],"version-history":[{"count":1,"href":"https:\/\/progepe.ufpr.br\/portarias\/wp-json\/wp\/v2\/posts\/173563\/revisions"}],"predecessor-version":[{"id":212669,"href":"https:\/\/progepe.ufpr.br\/portarias\/wp-json\/wp\/v2\/posts\/173563\/revisions\/212669"}],"wp:attachment":[{"href":"https:\/\/progepe.ufpr.br\/portarias\/wp-json\/wp\/v2\/media?parent=173563"}],"wp:term":[{"taxonomy":"category","embeddable":true,"href":"https:\/\/progepe.ufpr.br\/portarias\/wp-json\/wp\/v2\/categories?post=173563"},{"taxonomy":"post_tag","embeddable":true,"href":"https:\/\/progepe.ufpr.br\/portarias\/wp-json\/wp\/v2\/tags?post=173563"}],"curies":[{"name":"wp","href":"https:\/\/api.w.org\/{rel}","templated":true}]}}