{"id":173585,"date":"2009-02-09T05:07:00","date_gmt":"2009-02-09T07:07:00","guid":{"rendered":"http:\/\/progepe.ufpr.br\/portarias\/rt-2009-00099\/"},"modified":"2023-08-03T13:02:52","modified_gmt":"2023-08-03T16:02:52","slug":"rt-2009-00099","status":"publish","type":"post","link":"https:\/\/progepe.ufpr.br\/portarias\/rt-2009-00099\/","title":{"rendered":"PORTARIA N\u00ba 00099\/REITORIA, DE 09 DE FEVEREIRO DE 2009"},"content":{"rendered":"\n<p>O Reitor da Universidade Federal do Paran\u00e1, no uso de suas atribui\u00e7\u00f5es e tendo em vista o contido no processo n\u00ba 41512\/08-13,<\/p>\n\n\n<p><strong>RESOLVE:<\/strong><\/p>\n\n\n<p>Designar, conforme decis\u00e3o do Conselho de Ensino Pesquisa e Extens\u00e3o &#8211; CEPE, na sess\u00e3o de 28 de agosto de 2008, os membros abaixo relacionados para comporem a comiss\u00e3o respons\u00e1vel pela avalia\u00e7\u00e3o do impacto geral das provas espec\u00edficas aplicadas no Processo Seletivo da Universidade Federal do Paran\u00e1:.<\/p><p> Presidente: ANA LUCIA TARARTHUCH &#8211; 114499.<\/p><p> Membros:.<\/p><p> ANA MARIA MURATORI &#8211; 65498.<\/p><p> MADLAINE CELIA DE LIMA &#8211; 90670.<\/p><p> ROBSON TADEU BOLZON &#8211; 126233.<\/p><p> RAFAELA LOUREN\u00c7O DA SILVA.<\/p><p><\/p>\n\n\n<div style=\"height:15px\" aria-hidden=\"true\" class=\"wp-block-spacer\"><\/div>\n\n\n<div class=\"wp-block-buttons is-content-justification-right is-layout-flex wp-container-core-buttons-is-layout-1 wp-block-buttons-is-layout-flex\">\n<div class=\"wp-block-button has-custom-font-size is-style-outline has-small-font-size is-style-outline--1\"><a class=\"wp-block-button__link\" href=\"https:\/\/progepe.ufpr.br\/portarias\/wp-content\/uploads\/pcp\/RT\/2009\/99R.pdf\" style=\"border-radius:0px\" target=\"_blank\" rel=\"noreferrer noopener\">Acesse o arquivo da portaria<\/a><\/div><\/div>\n","protected":false},"excerpt":{"rendered":"<p>Designar, conforme decis\u00e3o do Conselho de Ensino Pesquisa e Extens\u00e3o &#8211; CEPE, na sess\u00e3o de 28 de agosto de 2008, os membros abaixo relacionados para comporem a comiss\u00e3o respons\u00e1vel pela avalia\u00e7\u00e3o do impacto geral das provas espec\u00edficas aplicadas no Processo Seletivo da Universidade Federal do Paran\u00e1:. Presidente: ANA LUCIA TARARTHUCH &#8211; 114499. Membros:. ANA MARIA MURATORI &#8211; 65498. MADLAINE CELIA DE LIMA &#8211; 90670. ROBSON TADEU BOLZON &#8211; 126233. RAFAELA LOUREN\u00c7O DA SILVA.  {&#8220;height&#8221;:&#8221;15px&#8221;} <\/p>\n<div style=\"height:15px\" aria-hidden=\"true\" class=\"wp-block-spacer\"> <!-- \/wp:spacer  {\"layout\":{\"type\":\"flex\",\"justifyContent\":\"right\"}} \n\n<div class=\"wp-block-buttons\"><!-- wp:button {\"style\":{\"border\":{\"radius\":\"0px\"}},\"className\":\"is-style-outline\",\"fontSize\":\"small\"} \n\n<div class=\"wp-block-button has-custom-font-size is-style-outline has-small-font-size\"><a class=\"wp-block-button__link\" href=\"https:\/\/progepe.ufpr.br\/portarias\/wp-content\/uploads\/pcp\/RT\/2009\/99R.pdf\" style=\"border-radius:0px\" target=\"_b\n<\/p>\n","protected":false},"author":41,"featured_media":0,"comment_status":"closed","ping_status":"closed","sticky":false,"template":"wp-custom-template-emissao-entre-01-05-2004-ate-30-06-2017","format":"standard","meta":{"_acf_changed":false,"iawp_total_views":0,"footnotes":""},"categories":[117],"tags":[124],"class_list":["post-173585","post","type-post","status-publish","format-standard","hentry","category-rt","tag-comissao"],"acf":[],"_links":{"self":[{"href":"https:\/\/progepe.ufpr.br\/portarias\/wp-json\/wp\/v2\/posts\/173585","targetHints":{"allow":["GET"]}}],"collection":[{"href":"https:\/\/progepe.ufpr.br\/portarias\/wp-json\/wp\/v2\/posts"}],"about":[{"href":"https:\/\/progepe.ufpr.br\/portarias\/wp-json\/wp\/v2\/types\/post"}],"author":[{"embeddable":true,"href":"https:\/\/progepe.ufpr.br\/portarias\/wp-json\/wp\/v2\/users\/41"}],"replies":[{"embeddable":true,"href":"https:\/\/progepe.ufpr.br\/portarias\/wp-json\/wp\/v2\/comments?post=173585"}],"version-history":[{"count":1,"href":"https:\/\/progepe.ufpr.br\/portarias\/wp-json\/wp\/v2\/posts\/173585\/revisions"}],"predecessor-version":[{"id":212691,"href":"https:\/\/progepe.ufpr.br\/portarias\/wp-json\/wp\/v2\/posts\/173585\/revisions\/212691"}],"wp:attachment":[{"href":"https:\/\/progepe.ufpr.br\/portarias\/wp-json\/wp\/v2\/media?parent=173585"}],"wp:term":[{"taxonomy":"category","embeddable":true,"href":"https:\/\/progepe.ufpr.br\/portarias\/wp-json\/wp\/v2\/categories?post=173585"},{"taxonomy":"post_tag","embeddable":true,"href":"https:\/\/progepe.ufpr.br\/portarias\/wp-json\/wp\/v2\/tags?post=173585"}],"curies":[{"name":"wp","href":"https:\/\/api.w.org\/{rel}","templated":true}]}}