{"id":173653,"date":"2009-07-01T05:03:00","date_gmt":"2009-07-01T08:03:00","guid":{"rendered":"http:\/\/progepe.ufpr.br\/portarias\/rt-2009-00334\/"},"modified":"2023-08-03T13:03:15","modified_gmt":"2023-08-03T16:03:15","slug":"rt-2009-00334","status":"publish","type":"post","link":"https:\/\/progepe.ufpr.br\/portarias\/rt-2009-00334\/","title":{"rendered":"PORTARIA N\u00ba 00334\/REITORIA, DE 01 DE JULHO DE 2009"},"content":{"rendered":"\n<p>O Vice-Reitor da Universidade Federal do Paran\u00e1, no exerc\u00edcio do cargo de Reitor, no uso de suas atribui\u00e7\u00f5es e tendo em vista o que consta no processo n\u00ba 031843\/2008-45,<\/p>\n\n\n<p><strong>RESOLVE:<\/strong><\/p>\n\n\n<p>Convalidar, no per\u00edodo de 19 de junho a 06 de julho de 2008, o exerc\u00edcio do cargo de Coordenador do Curso de P\u00f3s-Gradua\u00e7\u00e3o em Entomologia, FG-01, do Setor de Ci\u00eancias Biol\u00f3gicas, ao Professor CLAUDIO JOS\u00c9 BARROS DE CARVALHO &#8211; 87823, CPF n\u00ba \u275a\u275a\u275a.\u275a\u275a\u275a.\u275a\u275a\u275a-\u275a\u275a, classe Titular, no regime de trabalho de dedica\u00e7\u00e3o exclusiva, por ter exercido o cargo no per\u00edodo informado.<\/p><p><\/p>\n\n\n<div style=\"height:15px\" aria-hidden=\"true\" class=\"wp-block-spacer\"><\/div>\n\n\n<div class=\"wp-block-buttons is-content-justification-right is-layout-flex wp-container-core-buttons-is-layout-1 wp-block-buttons-is-layout-flex\">\n<div class=\"wp-block-button has-custom-font-size is-style-outline has-small-font-size is-style-outline--1\"><a class=\"wp-block-button__link\" href=\"https:\/\/progepe.ufpr.br\/portarias\/wp-content\/uploads\/pcp\/RT\/2009\/334R.pdf\" style=\"border-radius:0px\" target=\"_blank\" rel=\"noreferrer noopener\">Acesse o arquivo da portaria<\/a><\/div><\/div>\n","protected":false},"excerpt":{"rendered":"<p>Convalidar, no per\u00edodo de 19 de junho a 06 de julho de 2008, o exerc\u00edcio do cargo de Coordenador do Curso de P\u00f3s-Gradua\u00e7\u00e3o em Entomologia, FG-01, do Setor de Ci\u00eancias Biol\u00f3gicas, ao Professor CLAUDIO JOS\u00c9 BARROS DE CARVALHO &#8211; 87823, CPF n\u00ba \u275a\u275a\u275a.\u275a\u275a\u275a.\u275a\u275a\u275a-\u275a\u275a, classe Titular, no regime de trabalho de dedica\u00e7\u00e3o exclusiva, por ter exercido o cargo no per\u00edodo informado.  {&#8220;height&#8221;:&#8221;15px&#8221;} <\/p>\n<div style=\"height:15px\" aria-hidden=\"true\" class=\"wp-block-spacer\"> <!-- \/wp:spacer  {\"layout\":{\"type\":\"flex\",\"justifyContent\":\"right\"}} \n\n<div class=\"wp-block-buttons\"><!-- wp:button {\"style\":{\"border\":{\"radius\":\"0px\"}},\"className\":\"is-style-outline\",\"fontSize\":\"small\"} \n\n<div class=\"wp-block-button has-custom-font-size is-style-outline has-small-font-size\"><a class=\"wp-block-button__link\" href=\"https:\/\/progepe.ufpr.br\/portarias\/wp-content\/uploads\/pcp\/RT\/2009\/334R.pdf\" style=\"border-radius:0px\" target=\"_blank\" rel=\"noreferrer noopener\">Acesse o arquivo da portaria<\/a><!-- \/wp:button <!-- \/wp:buttons\n<\/p>\n","protected":false},"author":41,"featured_media":0,"comment_status":"closed","ping_status":"closed","sticky":false,"template":"wp-custom-template-emissao-entre-01-05-2004-ate-30-06-2017","format":"standard","meta":{"_acf_changed":false,"iawp_total_views":0,"footnotes":""},"categories":[117],"tags":[243],"class_list":["post-173653","post","type-post","status-publish","format-standard","hentry","category-rt","tag-coordenador-vice"],"acf":[],"_links":{"self":[{"href":"https:\/\/progepe.ufpr.br\/portarias\/wp-json\/wp\/v2\/posts\/173653","targetHints":{"allow":["GET"]}}],"collection":[{"href":"https:\/\/progepe.ufpr.br\/portarias\/wp-json\/wp\/v2\/posts"}],"about":[{"href":"https:\/\/progepe.ufpr.br\/portarias\/wp-json\/wp\/v2\/types\/post"}],"author":[{"embeddable":true,"href":"https:\/\/progepe.ufpr.br\/portarias\/wp-json\/wp\/v2\/users\/41"}],"replies":[{"embeddable":true,"href":"https:\/\/progepe.ufpr.br\/portarias\/wp-json\/wp\/v2\/comments?post=173653"}],"version-history":[{"count":1,"href":"https:\/\/progepe.ufpr.br\/portarias\/wp-json\/wp\/v2\/posts\/173653\/revisions"}],"predecessor-version":[{"id":212759,"href":"https:\/\/progepe.ufpr.br\/portarias\/wp-json\/wp\/v2\/posts\/173653\/revisions\/212759"}],"wp:attachment":[{"href":"https:\/\/progepe.ufpr.br\/portarias\/wp-json\/wp\/v2\/media?parent=173653"}],"wp:term":[{"taxonomy":"category","embeddable":true,"href":"https:\/\/progepe.ufpr.br\/portarias\/wp-json\/wp\/v2\/categories?post=173653"},{"taxonomy":"post_tag","embeddable":true,"href":"https:\/\/progepe.ufpr.br\/portarias\/wp-json\/wp\/v2\/tags?post=173653"}],"curies":[{"name":"wp","href":"https:\/\/api.w.org\/{rel}","templated":true}]}}