{"id":173822,"date":"2009-05-27T05:00:00","date_gmt":"2009-05-27T08:00:00","guid":{"rendered":"http:\/\/progepe.ufpr.br\/portarias\/rt-2009-00258\/"},"modified":"2023-07-31T17:34:02","modified_gmt":"2023-07-31T20:34:02","slug":"rt-2009-00258","status":"publish","type":"post","link":"https:\/\/progepe.ufpr.br\/portarias\/rt-2009-00258\/","title":{"rendered":"PORTARIA N\u00ba 00258\/REITORIA, DE 27 DE MAIO DE 2009"},"content":{"rendered":"\n<p>O Vice-Reitor da Universidade Federal do Paran\u00e1, no exerc\u00edcio do cargo de Reitor, no uso de suas atribui\u00e7\u00f5es e tendo em vista o que consta no processo n\u00ba 004164\/2009-18,<\/p>\n\n\n<p><strong>RESOLVE:<\/strong><\/p>\n\n\n<p>I. Homologar, em cumprimento ao disposto no Art. 329 da Lei n\u00ba 11.907, de 02 de fevereiro de 2009, publicada no DOU de 03.02.2009, o enquadramento no Plano de Carreira dos Cargos T\u00e9cnico Administrativos &#8211; PCCTAE, de que trata a Lei n\u00ba 11.091, de 12 de janeiro de 2005, para a servidora SILVIA APARECIDA COSTA DE SOUZA &#8211; 107549, matr\u00edcula SIAPE n\u00ba 6343875, ocupante do cargo de Assistente em Administra\u00e7\u00e3o, como segue: N\u00edvel de Classifica\u00e7\u00e3o D, N\u00edvel de Capacita\u00e7\u00e3o II, Padr\u00e3o de Vencimento 12.<\/p><p> II. O citado enquadramento ter\u00e1 seus efeitos a partir de 13 de abril de 2009.<\/p><p><\/p>\n\n\n<div style=\"height:15px\" aria-hidden=\"true\" class=\"wp-block-spacer\"><\/div>\n\n\n<div class=\"wp-block-buttons is-content-justification-right is-layout-flex wp-container-core-buttons-is-layout-1 wp-block-buttons-is-layout-flex\">\n<div class=\"wp-block-button has-custom-font-size is-style-outline has-small-font-size is-style-outline--1\"><a class=\"wp-block-button__link\" href=\"https:\/\/progepe.ufpr.br\/portarias\/wp-content\/uploads\/pcp\/RT\/2009\/258R.pdf\" style=\"border-radius:0px\" target=\"_blank\" rel=\"noreferrer noopener\">Acesse o arquivo da portaria<\/a><\/div><\/div>\n","protected":false},"excerpt":{"rendered":"<p>I. Homologar, em cumprimento ao disposto no Art. 329 da Lei n\u00ba 11.907, de 02 de fevereiro de 2009, publicada no DOU de 03.02.2009, o enquadramento no Plano de Carreira dos Cargos T\u00e9cnico Administrativos &#8211; PCCTAE, de que trata a Lei n\u00ba 11.091, de 12 de janeiro de 2005, para a servidora SILVIA APARECIDA COSTA DE SOUZA &#8211; 107549, matr\u00edcula SIAPE n\u00ba 6343875, ocupante do cargo de Assistente em Administra\u00e7\u00e3o, como segue: N\u00edvel de Classifica\u00e7\u00e3o D, N\u00edvel de Capacita\u00e7\u00e3o II, Padr\u00e3o de Vencimento 12. II. O citado enquadramento ter\u00e1 seus efeitos a partir de 13 de abril de<\/p>\n","protected":false},"author":41,"featured_media":0,"comment_status":"closed","ping_status":"closed","sticky":false,"template":"wp-custom-template-emissao-entre-01-05-2004-ate-30-06-2017","format":"standard","meta":{"_acf_changed":false,"iawp_total_views":0,"footnotes":""},"categories":[117],"tags":[246],"class_list":["post-173822","post","type-post","status-publish","format-standard","hentry","category-rt","tag-enquadramento"],"acf":[],"_links":{"self":[{"href":"https:\/\/progepe.ufpr.br\/portarias\/wp-json\/wp\/v2\/posts\/173822","targetHints":{"allow":["GET"]}}],"collection":[{"href":"https:\/\/progepe.ufpr.br\/portarias\/wp-json\/wp\/v2\/posts"}],"about":[{"href":"https:\/\/progepe.ufpr.br\/portarias\/wp-json\/wp\/v2\/types\/post"}],"author":[{"embeddable":true,"href":"https:\/\/progepe.ufpr.br\/portarias\/wp-json\/wp\/v2\/users\/41"}],"replies":[{"embeddable":true,"href":"https:\/\/progepe.ufpr.br\/portarias\/wp-json\/wp\/v2\/comments?post=173822"}],"version-history":[{"count":1,"href":"https:\/\/progepe.ufpr.br\/portarias\/wp-json\/wp\/v2\/posts\/173822\/revisions"}],"predecessor-version":[{"id":212928,"href":"https:\/\/progepe.ufpr.br\/portarias\/wp-json\/wp\/v2\/posts\/173822\/revisions\/212928"}],"wp:attachment":[{"href":"https:\/\/progepe.ufpr.br\/portarias\/wp-json\/wp\/v2\/media?parent=173822"}],"wp:term":[{"taxonomy":"category","embeddable":true,"href":"https:\/\/progepe.ufpr.br\/portarias\/wp-json\/wp\/v2\/categories?post=173822"},{"taxonomy":"post_tag","embeddable":true,"href":"https:\/\/progepe.ufpr.br\/portarias\/wp-json\/wp\/v2\/tags?post=173822"}],"curies":[{"name":"wp","href":"https:\/\/api.w.org\/{rel}","templated":true}]}}