{"id":173823,"date":"2009-07-20T05:05:00","date_gmt":"2009-07-20T08:05:00","guid":{"rendered":"http:\/\/progepe.ufpr.br\/portarias\/rt-2009-00430\/"},"modified":"2023-08-03T13:03:27","modified_gmt":"2023-08-03T16:03:27","slug":"rt-2009-00430","status":"publish","type":"post","link":"https:\/\/progepe.ufpr.br\/portarias\/rt-2009-00430\/","title":{"rendered":"PORTARIA N\u00ba 00430\/REITORIA, DE 20 DE JULHO DE 2009"},"content":{"rendered":"\n<p>O Vice-Reitor da Universidade Federal do Paran\u00e1, no exerc\u00edcio do cargo de Reitor, no uso de suas atribui\u00e7\u00f5es e tendo em vista o que consta no processo n\u00ba 035386\/2006-04,<\/p>\n\n\n<p><strong>RESOLVE:<\/strong><\/p>\n\n\n<p>Alterar no Anexo I da Portaria n\u00ba 241\/REITOR, de 13 de julho de 2006, tendo em vista parecer da Coordenadoria de Desenvolvimento de Pessoas, no recurso referente \u00e0 segunda fase do Plano de Carreira dos Cargos T\u00e9cnicos Administrativos em Educa\u00e7\u00e3o de que trata a Lei n\u00ba 11.091, de 12 de janeiro de 2005, a situa\u00e7\u00e3o da servidora ROSANGELA RICARDO DE FRAN\u00c7A DOMINGUES &#8211; 069035, matr\u00edcula SIAPE n\u00ba 341123, para fazer constar que o posicionamento da citada servidora \u00e9 no n\u00edvel de Classifica\u00e7\u00e3o C, n\u00edvel de Capacita\u00e7\u00e3o IV, padr\u00e3o de Vencimento 13, com incentivo a qualifica\u00e7\u00e3o no percentual de 08 e n\u00e3o como constou no referido ato.<\/p><p><\/p>\n\n\n<div style=\"height:15px\" aria-hidden=\"true\" class=\"wp-block-spacer\"><\/div>\n\n\n<div class=\"wp-block-buttons is-content-justification-right is-layout-flex wp-container-core-buttons-is-layout-1 wp-block-buttons-is-layout-flex\">\n<div class=\"wp-block-button has-custom-font-size is-style-outline has-small-font-size is-style-outline--1\"><a class=\"wp-block-button__link\" href=\"https:\/\/progepe.ufpr.br\/portarias\/wp-content\/uploads\/pcp\/RT\/2009\/430R.pdf\" style=\"border-radius:0px\" target=\"_blank\" rel=\"noreferrer noopener\">Acesse o arquivo da portaria<\/a><\/div><\/div>\n","protected":false},"excerpt":{"rendered":"<p>Alterar no Anexo I da Portaria n\u00ba 241\/REITOR, de 13 de julho de 2006, tendo em vista parecer da Coordenadoria de Desenvolvimento de Pessoas, no recurso referente \u00e0 segunda fase do Plano de Carreira dos Cargos T\u00e9cnicos Administrativos em Educa\u00e7\u00e3o de que trata a Lei n\u00ba 11.091, de 12 de janeiro de 2005, a situa\u00e7\u00e3o da servidora ROSANGELA RICARDO DE FRAN\u00c7A DOMINGUES &#8211; 069035, matr\u00edcula SIAPE n\u00ba 341123, para fazer constar que o posicionamento da citada servidora \u00e9 no n\u00edvel de Classifica\u00e7\u00e3o C, n\u00edvel de Capacita\u00e7\u00e3o IV, padr\u00e3o de Vencimento 13, com incentivo a qualifica\u00e7\u00e3o no percentual de<\/p>\n","protected":false},"author":41,"featured_media":0,"comment_status":"closed","ping_status":"closed","sticky":false,"template":"wp-custom-template-emissao-entre-01-05-2004-ate-30-06-2017","format":"standard","meta":{"_acf_changed":false,"iawp_total_views":0,"footnotes":""},"categories":[117],"tags":[246],"class_list":["post-173823","post","type-post","status-publish","format-standard","hentry","category-rt","tag-enquadramento"],"acf":[],"_links":{"self":[{"href":"https:\/\/progepe.ufpr.br\/portarias\/wp-json\/wp\/v2\/posts\/173823","targetHints":{"allow":["GET"]}}],"collection":[{"href":"https:\/\/progepe.ufpr.br\/portarias\/wp-json\/wp\/v2\/posts"}],"about":[{"href":"https:\/\/progepe.ufpr.br\/portarias\/wp-json\/wp\/v2\/types\/post"}],"author":[{"embeddable":true,"href":"https:\/\/progepe.ufpr.br\/portarias\/wp-json\/wp\/v2\/users\/41"}],"replies":[{"embeddable":true,"href":"https:\/\/progepe.ufpr.br\/portarias\/wp-json\/wp\/v2\/comments?post=173823"}],"version-history":[{"count":1,"href":"https:\/\/progepe.ufpr.br\/portarias\/wp-json\/wp\/v2\/posts\/173823\/revisions"}],"predecessor-version":[{"id":212929,"href":"https:\/\/progepe.ufpr.br\/portarias\/wp-json\/wp\/v2\/posts\/173823\/revisions\/212929"}],"wp:attachment":[{"href":"https:\/\/progepe.ufpr.br\/portarias\/wp-json\/wp\/v2\/media?parent=173823"}],"wp:term":[{"taxonomy":"category","embeddable":true,"href":"https:\/\/progepe.ufpr.br\/portarias\/wp-json\/wp\/v2\/categories?post=173823"},{"taxonomy":"post_tag","embeddable":true,"href":"https:\/\/progepe.ufpr.br\/portarias\/wp-json\/wp\/v2\/tags?post=173823"}],"curies":[{"name":"wp","href":"https:\/\/api.w.org\/{rel}","templated":true}]}}