{"id":173880,"date":"2009-05-11T05:05:00","date_gmt":"2009-05-11T08:05:00","guid":{"rendered":"http:\/\/progepe.ufpr.br\/portarias\/rt-2009-00229\/"},"modified":"2023-08-03T13:03:05","modified_gmt":"2023-08-03T16:03:05","slug":"rt-2009-00229","status":"publish","type":"post","link":"https:\/\/progepe.ufpr.br\/portarias\/rt-2009-00229\/","title":{"rendered":"PORTARIA N\u00ba 00229\/REITORIA, DE 11 DE MAIO DE 2009"},"content":{"rendered":"\n<p>O Vice-Reitor da Universidade Federal do Paran\u00e1, no exerc\u00edcio do cargo de Reitor, no uso de suas atribui\u00e7\u00f5es e tendo em vista o que consta no processo n\u00ba 074655\/2009-92,<\/p>\n\n\n<p><strong>RESOLVE:<\/strong><\/p>\n\n\n<p>I. Nomear a Professora CHISATO OKA FIORI &#8211; 087785, CPF n\u00ba \u275a\u275a\u275a.\u275a\u275a\u275a.\u275a\u275a\u275a-\u275a\u275a, classe Associado, no regime de trabalho de dedica\u00e7\u00e3o exclusiva, para exercer o cargo de Diretor do Setor de Ci\u00eancias da Terra, CD-03, desta Universidade, a partir de 04 de setembro de 2008 at\u00e9 30 de setembro de 2010, t\u00e9rmino do mandato, autorizado pela Portaria do Minist\u00e9rio da Educa\u00e7\u00e3o n\u00ba 1.109, de 04 de setembro de 2008, publicada no DOU de 05.09.2008.<\/p><p> II. A mencionada docente cumprir\u00e1, obrigatoriamente, o regime de trabalho de tempo integral, de acordo com o disposto no \u00a7 5\u00ba, artigo 1\u00ba da Lei n\u00ba 8.168\/91.<\/p><p><\/p>\n\n\n<div style=\"height:15px\" aria-hidden=\"true\" class=\"wp-block-spacer\"><\/div>\n\n\n<div class=\"wp-block-buttons is-content-justification-right is-layout-flex wp-container-core-buttons-is-layout-1 wp-block-buttons-is-layout-flex\">\n<div class=\"wp-block-button has-custom-font-size is-style-outline has-small-font-size is-style-outline--1\"><a class=\"wp-block-button__link\" href=\"https:\/\/progepe.ufpr.br\/portarias\/wp-content\/uploads\/pcp\/RT\/2009\/229R.pdf\" style=\"border-radius:0px\" target=\"_blank\" rel=\"noreferrer noopener\">Acesse o arquivo da portaria<\/a><\/div><\/div>\n","protected":false},"excerpt":{"rendered":"<p>I. Nomear a Professora CHISATO OKA FIORI &#8211; 087785, CPF n\u00ba \u275a\u275a\u275a.\u275a\u275a\u275a.\u275a\u275a\u275a-\u275a\u275a, classe Associado, no regime de trabalho de dedica\u00e7\u00e3o exclusiva, para exercer o cargo de Diretor do Setor de Ci\u00eancias da Terra, CD-03, desta Universidade, a partir de 04 de setembro de 2008 at\u00e9 30 de setembro de 2010, t\u00e9rmino do mandato, autorizado pela Portaria do Minist\u00e9rio da Educa\u00e7\u00e3o n\u00ba 1.109, de 04 de setembro de 2008, publicada no DOU de 05.09.2008. II. A mencionada docente cumprir\u00e1, obrigatoriamente, o regime de trabalho de tempo integral, de acordo com o disposto no \u00a7 5\u00ba, artigo 1\u00ba da Lei<\/p>\n","protected":false},"author":41,"featured_media":0,"comment_status":"closed","ping_status":"closed","sticky":false,"template":"wp-custom-template-emissao-entre-01-05-2004-ate-30-06-2017","format":"standard","meta":{"_acf_changed":false,"iawp_total_views":0,"footnotes":""},"categories":[117],"tags":[120],"class_list":["post-173880","post","type-post","status-publish","format-standard","hentry","category-rt","tag-funcao"],"acf":[],"_links":{"self":[{"href":"https:\/\/progepe.ufpr.br\/portarias\/wp-json\/wp\/v2\/posts\/173880","targetHints":{"allow":["GET"]}}],"collection":[{"href":"https:\/\/progepe.ufpr.br\/portarias\/wp-json\/wp\/v2\/posts"}],"about":[{"href":"https:\/\/progepe.ufpr.br\/portarias\/wp-json\/wp\/v2\/types\/post"}],"author":[{"embeddable":true,"href":"https:\/\/progepe.ufpr.br\/portarias\/wp-json\/wp\/v2\/users\/41"}],"replies":[{"embeddable":true,"href":"https:\/\/progepe.ufpr.br\/portarias\/wp-json\/wp\/v2\/comments?post=173880"}],"version-history":[{"count":1,"href":"https:\/\/progepe.ufpr.br\/portarias\/wp-json\/wp\/v2\/posts\/173880\/revisions"}],"predecessor-version":[{"id":212986,"href":"https:\/\/progepe.ufpr.br\/portarias\/wp-json\/wp\/v2\/posts\/173880\/revisions\/212986"}],"wp:attachment":[{"href":"https:\/\/progepe.ufpr.br\/portarias\/wp-json\/wp\/v2\/media?parent=173880"}],"wp:term":[{"taxonomy":"category","embeddable":true,"href":"https:\/\/progepe.ufpr.br\/portarias\/wp-json\/wp\/v2\/categories?post=173880"},{"taxonomy":"post_tag","embeddable":true,"href":"https:\/\/progepe.ufpr.br\/portarias\/wp-json\/wp\/v2\/tags?post=173880"}],"curies":[{"name":"wp","href":"https:\/\/api.w.org\/{rel}","templated":true}]}}