{"id":173893,"date":"2009-01-12T05:01:00","date_gmt":"2009-01-12T07:01:00","guid":{"rendered":"http:\/\/progepe.ufpr.br\/portarias\/rt-2009-00026\/"},"modified":"2023-08-03T13:02:44","modified_gmt":"2023-08-03T16:02:44","slug":"rt-2009-00026","status":"publish","type":"post","link":"https:\/\/progepe.ufpr.br\/portarias\/rt-2009-00026\/","title":{"rendered":"PORTARIA N\u00ba 00026\/REITORIA, DE 12 DE JANEIRO DE 2009"},"content":{"rendered":"\n<p>O Reitor da Universidade Federal do Paran\u00e1, no uso de suas atribui\u00e7\u00f5es, considerando o que consta no artigo 9\u00ba, inciso II da Lei n\u00ba 8.112\/90 e tendo em vista o que consta no processo n\u00ba 059333\/09-13,<\/p>\n\n\n<p><strong>RESOLVE:<\/strong><\/p>\n\n\n<p>I. Nomear, a partir de 01 de janeiro de 2009, a servidora MARINES DE PAULI THOMAZ &#8211; 133981, Assistente em Administra\u00e7\u00e3o, CPF n\u00ba \u275a\u275a\u275a.\u275a\u275a\u275a.\u275a\u275a\u275a-\u275a\u275a, para exercer o cargo de confian\u00e7a de Diretor da Divis\u00e3o de Expediente do Gabinete do Reitor, CD-04, autorizada pela Portaria do Minist\u00e9rio da Educa\u00e7\u00e3o n\u00ba 1.109, de 04\/09\/2008, publicada no Di\u00e1rio Oficial da Uni\u00e3o de 05\/09\/2008, Anexo II.<\/p><p> II. A citada servidora cumprir\u00e1, obrigatoriamente, o regime de trabalho de tempo integral, de acordo com o disposto no \u00a7 5\u00b0, artigo 1\u00b0 da Lei n\u00b0 8.168\/91.<\/p><p><\/p>\n\n\n<div style=\"height:15px\" aria-hidden=\"true\" class=\"wp-block-spacer\"><\/div>\n\n\n<div class=\"wp-block-buttons is-content-justification-right is-layout-flex wp-container-core-buttons-is-layout-1 wp-block-buttons-is-layout-flex\">\n<div class=\"wp-block-button has-custom-font-size is-style-outline has-small-font-size is-style-outline--1\"><a class=\"wp-block-button__link\" href=\"https:\/\/progepe.ufpr.br\/portarias\/wp-content\/uploads\/pcp\/RT\/2009\/26R.pdf\" style=\"border-radius:0px\" target=\"_blank\" rel=\"noreferrer noopener\">Acesse o arquivo da portaria<\/a><\/div><\/div>\n","protected":false},"excerpt":{"rendered":"<p>I. Nomear, a partir de 01 de janeiro de 2009, a servidora MARINES DE PAULI THOMAZ &#8211; 133981, Assistente em Administra\u00e7\u00e3o, CPF n\u00ba \u275a\u275a\u275a.\u275a\u275a\u275a.\u275a\u275a\u275a-\u275a\u275a, para exercer o cargo de confian\u00e7a de Diretor da Divis\u00e3o de Expediente do Gabinete do Reitor, CD-04, autorizada pela Portaria do Minist\u00e9rio da Educa\u00e7\u00e3o n\u00ba 1.109, de 04\/09\/2008, publicada no Di\u00e1rio Oficial da Uni\u00e3o de 05\/09\/2008, Anexo II. II. A citada servidora cumprir\u00e1, obrigatoriamente, o regime de trabalho de tempo integral, de acordo com o disposto no \u00a7 5\u00b0, artigo 1\u00b0 da Lei n\u00b0 8.168\/91.  {&#8220;height&#8221;:&#8221;15px&#8221;} <\/p>\n<div style=\"height:15px\" aria-hidden=\"true\" class=\"wp-block-spacer\"> <!-- \/wp:spacer\n<\/p>\n","protected":false},"author":41,"featured_media":0,"comment_status":"closed","ping_status":"closed","sticky":false,"template":"wp-custom-template-emissao-entre-01-05-2004-ate-30-06-2017","format":"standard","meta":{"_acf_changed":false,"iawp_total_views":3,"footnotes":""},"categories":[117],"tags":[120],"class_list":["post-173893","post","type-post","status-publish","format-standard","hentry","category-rt","tag-funcao"],"acf":[],"_links":{"self":[{"href":"https:\/\/progepe.ufpr.br\/portarias\/wp-json\/wp\/v2\/posts\/173893","targetHints":{"allow":["GET"]}}],"collection":[{"href":"https:\/\/progepe.ufpr.br\/portarias\/wp-json\/wp\/v2\/posts"}],"about":[{"href":"https:\/\/progepe.ufpr.br\/portarias\/wp-json\/wp\/v2\/types\/post"}],"author":[{"embeddable":true,"href":"https:\/\/progepe.ufpr.br\/portarias\/wp-json\/wp\/v2\/users\/41"}],"replies":[{"embeddable":true,"href":"https:\/\/progepe.ufpr.br\/portarias\/wp-json\/wp\/v2\/comments?post=173893"}],"version-history":[{"count":1,"href":"https:\/\/progepe.ufpr.br\/portarias\/wp-json\/wp\/v2\/posts\/173893\/revisions"}],"predecessor-version":[{"id":212999,"href":"https:\/\/progepe.ufpr.br\/portarias\/wp-json\/wp\/v2\/posts\/173893\/revisions\/212999"}],"wp:attachment":[{"href":"https:\/\/progepe.ufpr.br\/portarias\/wp-json\/wp\/v2\/media?parent=173893"}],"wp:term":[{"taxonomy":"category","embeddable":true,"href":"https:\/\/progepe.ufpr.br\/portarias\/wp-json\/wp\/v2\/categories?post=173893"},{"taxonomy":"post_tag","embeddable":true,"href":"https:\/\/progepe.ufpr.br\/portarias\/wp-json\/wp\/v2\/tags?post=173893"}],"curies":[{"name":"wp","href":"https:\/\/api.w.org\/{rel}","templated":true}]}}