{"id":173929,"date":"2009-08-12T05:02:00","date_gmt":"2009-08-12T08:02:00","guid":{"rendered":"http:\/\/progepe.ufpr.br\/portarias\/rt-2009-00500\/"},"modified":"2023-08-03T13:03:34","modified_gmt":"2023-08-03T16:03:34","slug":"rt-2009-00500","status":"publish","type":"post","link":"https:\/\/progepe.ufpr.br\/portarias\/rt-2009-00500\/","title":{"rendered":"PORTARIA N\u00ba 00500\/REITORIA, DE 12 DE AGOSTO DE 2009"},"content":{"rendered":"\n<p>O Reitor da Universidade Federal do Paran\u00e1, no uso de suas atribui\u00e7\u00f5es, tendo em vista o que consta no artigo 39 do Estatuto desta Universidade e o contido no processo n\u00ba 080678\/2009-36,<\/p>\n\n\n<p><strong>RESOLVE:<\/strong><\/p>\n\n\n<p>Retificar a Portaria n\u00ba 205, de 24 de abril de 2009, publicada no DOU de 04 de maio de 2009, Se\u00e7\u00e3o 2, p\u00e1g. 31, referente \u00e0 nomea\u00e7\u00e3o do professor GUILHERME GABRIEL BALLANDE ROMANELLI &#8211; 171697, para exercer o cargo de confian\u00e7a de Coordenador de Cultura, CD-04, da Pr\u00f3-Reitoria de Extens\u00e3o e Cultura: Onde se L\u00ea: &#8230; a partir de 25 de fevereiro de 2009&#8230; .<\/p><p> Leia-se: &#8230; a partir de 06 de janeiro de 2009&#8230; .<\/p><p><\/p>\n\n\n<div style=\"height:15px\" aria-hidden=\"true\" class=\"wp-block-spacer\"><\/div>\n\n\n<div class=\"wp-block-buttons is-content-justification-right is-layout-flex wp-container-core-buttons-is-layout-1 wp-block-buttons-is-layout-flex\">\n<div class=\"wp-block-button has-custom-font-size is-style-outline has-small-font-size is-style-outline--1\"><a class=\"wp-block-button__link\" href=\"https:\/\/progepe.ufpr.br\/portarias\/wp-content\/uploads\/pcp\/RT\/2009\/500R.pdf\" style=\"border-radius:0px\" target=\"_blank\" rel=\"noreferrer noopener\">Acesse o arquivo da portaria<\/a><\/div><\/div>\n","protected":false},"excerpt":{"rendered":"<p>Retificar a Portaria n\u00ba 205, de 24 de abril de 2009, publicada no DOU de 04 de maio de 2009, Se\u00e7\u00e3o 2, p\u00e1g. 31, referente \u00e0 nomea\u00e7\u00e3o do professor GUILHERME GABRIEL BALLANDE ROMANELLI &#8211; 171697, para exercer o cargo de confian\u00e7a de Coordenador de Cultura, CD-04, da Pr\u00f3-Reitoria de Extens\u00e3o e Cultura: Onde se L\u00ea: &#8230; a partir de 25 de fevereiro de 2009&#8230; . Leia-se: &#8230; a partir de 06 de janeiro de 2009&#8230; .  {&#8220;height&#8221;:&#8221;15px&#8221;} <\/p>\n<div style=\"height:15px\" aria-hidden=\"true\" class=\"wp-block-spacer\"> <!-- \/wp:spacer  {\"layout\":{\"type\":\"flex\",\"justifyContent\":\"right\"}} \n\n<div class=\"wp-block-buttons\"><!-- wp:button {\"style\":{\"border\":{\"radius\":\"0px\"}},\"className\":\"is-style-outline\",\"fontSize\":\"small\"} \n\n<div class=\"wp-block-button has-custom-font-size is-style-outline has-small-font-size\"><a class=\"wp-block-button__link\" href=\"https:\/\/progepe.ufpr.br\/portarias\/wp-content\/uploads\/pcp\/RT\/2009\/500R.pdf\" style=\"border-radius:0px\"\n<\/p>\n","protected":false},"author":41,"featured_media":0,"comment_status":"closed","ping_status":"closed","sticky":false,"template":"wp-custom-template-emissao-entre-01-05-2004-ate-30-06-2017","format":"standard","meta":{"_acf_changed":false,"iawp_total_views":0,"footnotes":""},"categories":[117],"tags":[120],"class_list":["post-173929","post","type-post","status-publish","format-standard","hentry","category-rt","tag-funcao"],"acf":[],"_links":{"self":[{"href":"https:\/\/progepe.ufpr.br\/portarias\/wp-json\/wp\/v2\/posts\/173929","targetHints":{"allow":["GET"]}}],"collection":[{"href":"https:\/\/progepe.ufpr.br\/portarias\/wp-json\/wp\/v2\/posts"}],"about":[{"href":"https:\/\/progepe.ufpr.br\/portarias\/wp-json\/wp\/v2\/types\/post"}],"author":[{"embeddable":true,"href":"https:\/\/progepe.ufpr.br\/portarias\/wp-json\/wp\/v2\/users\/41"}],"replies":[{"embeddable":true,"href":"https:\/\/progepe.ufpr.br\/portarias\/wp-json\/wp\/v2\/comments?post=173929"}],"version-history":[{"count":1,"href":"https:\/\/progepe.ufpr.br\/portarias\/wp-json\/wp\/v2\/posts\/173929\/revisions"}],"predecessor-version":[{"id":213035,"href":"https:\/\/progepe.ufpr.br\/portarias\/wp-json\/wp\/v2\/posts\/173929\/revisions\/213035"}],"wp:attachment":[{"href":"https:\/\/progepe.ufpr.br\/portarias\/wp-json\/wp\/v2\/media?parent=173929"}],"wp:term":[{"taxonomy":"category","embeddable":true,"href":"https:\/\/progepe.ufpr.br\/portarias\/wp-json\/wp\/v2\/categories?post=173929"},{"taxonomy":"post_tag","embeddable":true,"href":"https:\/\/progepe.ufpr.br\/portarias\/wp-json\/wp\/v2\/tags?post=173929"}],"curies":[{"name":"wp","href":"https:\/\/api.w.org\/{rel}","templated":true}]}}