{"id":173974,"date":"2009-11-30T05:01:00","date_gmt":"2009-11-30T07:01:00","guid":{"rendered":"http:\/\/progepe.ufpr.br\/portarias\/rt-2009-00670\/"},"modified":"2023-08-03T13:03:49","modified_gmt":"2023-08-03T16:03:49","slug":"rt-2009-00670","status":"publish","type":"post","link":"https:\/\/progepe.ufpr.br\/portarias\/rt-2009-00670\/","title":{"rendered":"PORTARIA N\u00ba 00670\/REITORIA, DE 30 DE NOVEMBRO DE 2009"},"content":{"rendered":"\n<p>O Reitor da Universidade Federal do Paran\u00e1, no uso de suas atribui\u00e7\u00f5es e tendo em vista o que consta no processo n\u00ba 112075\/2009-19,<\/p>\n\n\n<p><strong>RESOLVE:<\/strong><\/p>\n\n\n<p>I. Designar, a partir de 24 de novembro de 2009, o servidor LANDRI ROBERTO ROEHRS &#8211; 143693, ocupante do cargo de Economista, lotado no Hospital de Cl\u00ednicas, como substituto eventual da servidora VERA BANDEIRA DO NASCIMENTO &#8211; 084280, no cargo de confian\u00e7a de Diretor Financeiro do Hospital de Cl\u00ednicas.<\/p><p> II. Esta Portaria cessa, a partir de 24 de novembro de 2009, os efeitos da Portaria n\u00ba 758\/REITOR, de 26 de junho de 2007.<\/p><p> EFEITOS CESSADOS PELA PORTARIA N. 1168\/REITOR, DE 29\/09\/2010<\/p><p><\/p>\n\n\n<div style=\"height:15px\" aria-hidden=\"true\" class=\"wp-block-spacer\"><\/div>\n\n\n<div class=\"wp-block-buttons is-content-justification-right is-layout-flex wp-container-core-buttons-is-layout-1 wp-block-buttons-is-layout-flex\">\n<div class=\"wp-block-button has-custom-font-size is-style-outline has-small-font-size is-style-outline--1\"><a class=\"wp-block-button__link\" href=\"https:\/\/progepe.ufpr.br\/portarias\/wp-content\/uploads\/pcp\/RT\/2009\/670R.pdf\" style=\"border-radius:0px\" target=\"_blank\" rel=\"noreferrer noopener\">Acesse o arquivo da portaria<\/a><\/div><\/div>\n","protected":false},"excerpt":{"rendered":"<p>I. Designar, a partir de 24 de novembro de 2009, o servidor LANDRI ROBERTO ROEHRS &#8211; 143693, ocupante do cargo de Economista, lotado no Hospital de Cl\u00ednicas, como substituto eventual da servidora VERA BANDEIRA DO NASCIMENTO &#8211; 084280, no cargo de confian\u00e7a de Diretor Financeiro do Hospital de Cl\u00ednicas. II. Esta Portaria cessa, a partir de 24 de novembro de 2009, os efeitos da Portaria n\u00ba 758\/REITOR, de 26 de junho de 2007. EFEITOS CESSADOS PELA PORTARIA N. 1168\/REITOR, DE 29\/09\/2010  {&#8220;height&#8221;:&#8221;15px&#8221;} <\/p>\n<div style=\"height:15px\" aria-hidden=\"true\" class=\"wp-block-spacer\"> <!-- \/wp:spacer  {\"layout\":{\"type\":\"flex\",\"justifyContent\":\"right\"}} \n\n<div class=\"wp-block-buttons\"><!-- wp:button {\"style\":{\"border\":{\"radius\":\"0px\"}},\"className\":\"is-style-outline\",\"fontSize\":\"small\"} \n\n<div class=\"wp-block-button has-custom-font-size \n\n","protected":false},"author":41,"featured_media":0,"comment_status":"closed","ping_status":"closed","sticky":false,"template":"wp-custom-template-emissao-entre-01-05-2004-ate-30-06-2017","format":"standard","meta":{"_acf_changed":false,"iawp_total_views":0,"footnotes":""},"categories":[117],"tags":[120],"class_list":["post-173974","post","type-post","status-publish","format-standard","hentry","category-rt","tag-funcao"],"acf":[],"_links":{"self":[{"href":"https:\/\/progepe.ufpr.br\/portarias\/wp-json\/wp\/v2\/posts\/173974","targetHints":{"allow":["GET"]}}],"collection":[{"href":"https:\/\/progepe.ufpr.br\/portarias\/wp-json\/wp\/v2\/posts"}],"about":[{"href":"https:\/\/progepe.ufpr.br\/portarias\/wp-json\/wp\/v2\/types\/post"}],"author":[{"embeddable":true,"href":"https:\/\/progepe.ufpr.br\/portarias\/wp-json\/wp\/v2\/users\/41"}],"replies":[{"embeddable":true,"href":"https:\/\/progepe.ufpr.br\/portarias\/wp-json\/wp\/v2\/comments?post=173974"}],"version-history":[{"count":1,"href":"https:\/\/progepe.ufpr.br\/portarias\/wp-json\/wp\/v2\/posts\/173974\/revisions"}],"predecessor-version":[{"id":213080,"href":"https:\/\/progepe.ufpr.br\/portarias\/wp-json\/wp\/v2\/posts\/173974\/revisions\/213080"}],"wp:attachment":[{"href":"https:\/\/progepe.ufpr.br\/portarias\/wp-json\/wp\/v2\/media?parent=173974"}],"wp:term":[{"taxonomy":"category","embeddable":true,"href":"https:\/\/progepe.ufpr.br\/portarias\/wp-json\/wp\/v2\/categories?post=173974"},{"taxonomy":"post_tag","embeddable":true,"href":"https:\/\/progepe.ufpr.br\/portarias\/wp-json\/wp\/v2\/tags?post=173974"}],"curies":[{"name":"wp","href":"https:\/\/api.w.org\/{rel}","templated":true}]}}