{"id":174066,"date":"2009-09-21T05:00:00","date_gmt":"2009-09-21T08:00:00","guid":{"rendered":"http:\/\/progepe.ufpr.br\/portarias\/rt-2009-00572\/"},"modified":"2023-07-31T17:34:26","modified_gmt":"2023-07-31T20:34:26","slug":"rt-2009-00572","status":"publish","type":"post","link":"https:\/\/progepe.ufpr.br\/portarias\/rt-2009-00572\/","title":{"rendered":"PORTARIA N\u00ba 00572\/REITORIA, DE 21 DE SETEMBRO DE 2009"},"content":{"rendered":"\n<p>O Reitor da Universidade Federal do Paran\u00e1, no uso de suas atribui\u00e7\u00f5es e tendo em vista o que consta no processo n\u00ba 101276\/2009-82,<\/p>\n\n\n<p><strong>RESOLVE:<\/strong><\/p>\n\n\n<p>Alterar, a partir de 13 de agosto de 2009, a Portaria n\u00ba 275\/REITOR, de 03 de junho de 2009, referente \u00e0 designa\u00e7\u00e3o dos representantes do Setor de Ci\u00eancias da Sa\u00fade junto \u00e0 Comiss\u00e3o Permanente do Pessoal Docente \u2013 CPPD, para designar em substitui\u00e7\u00e3o ao Professor EDISON MATOS NOVAK &#8211; 073130, o Professor HENRIQUE JORGE STAHLKE JUNIOR \u2013 38660.<\/p><p><\/p>\n\n\n<div style=\"height:15px\" aria-hidden=\"true\" class=\"wp-block-spacer\"><\/div>\n\n\n<div class=\"wp-block-buttons is-content-justification-right is-layout-flex wp-container-core-buttons-is-layout-1 wp-block-buttons-is-layout-flex\">\n<div class=\"wp-block-button has-custom-font-size is-style-outline has-small-font-size is-style-outline--1\"><a class=\"wp-block-button__link\" href=\"https:\/\/progepe.ufpr.br\/portarias\/wp-content\/uploads\/pcp\/RT\/2009\/572R.pdf\" style=\"border-radius:0px\" target=\"_blank\" rel=\"noreferrer noopener\">Acesse o arquivo da portaria<\/a><\/div><\/div>\n","protected":false},"excerpt":{"rendered":"<p>Alterar, a partir de 13 de agosto de 2009, a Portaria n\u00ba 275\/REITOR, de 03 de junho de 2009, referente \u00e0 designa\u00e7\u00e3o dos representantes do Setor de Ci\u00eancias da Sa\u00fade junto \u00e0 Comiss\u00e3o Permanente do Pessoal Docente \u2013 CPPD, para designar em substitui\u00e7\u00e3o ao Professor EDISON MATOS NOVAK &#8211; 073130, o Professor HENRIQUE JORGE STAHLKE JUNIOR \u2013 38660.  {&#8220;height&#8221;:&#8221;15px&#8221;} <\/p>\n<div style=\"height:15px\" aria-hidden=\"true\" class=\"wp-block-spacer\"> <!-- \/wp:spacer  {\"layout\":{\"type\":\"flex\",\"justifyContent\":\"right\"}} \n\n<div class=\"wp-block-buttons\"><!-- wp:button {\"style\":{\"border\":{\"radius\":\"0px\"}},\"className\":\"is-style-outline\",\"fontSize\":\"small\"} \n\n<div class=\"wp-block-button has-custom-font-size is-style-outline has-small-font-size\"><a class=\"wp-block-button__link\" href=\"https:\/\/progepe.ufpr.br\/portarias\/wp-content\/uploads\/pcp\/RT\/2009\/572R.pdf\" style=\"border-radius:0px\" target=\"_blank\" rel=\"noreferrer noopener\">Acesse o arquivo da portaria<\/a><!-- \/wp:button <!-- \/wp:buttons\n<\/p>\n","protected":false},"author":41,"featured_media":0,"comment_status":"closed","ping_status":"closed","sticky":false,"template":"wp-custom-template-emissao-entre-01-05-2004-ate-30-06-2017","format":"standard","meta":{"_acf_changed":false,"iawp_total_views":0,"footnotes":""},"categories":[117],"tags":[126],"class_list":["post-174066","post","type-post","status-publish","format-standard","hentry","category-rt","tag-representante"],"acf":[],"_links":{"self":[{"href":"https:\/\/progepe.ufpr.br\/portarias\/wp-json\/wp\/v2\/posts\/174066","targetHints":{"allow":["GET"]}}],"collection":[{"href":"https:\/\/progepe.ufpr.br\/portarias\/wp-json\/wp\/v2\/posts"}],"about":[{"href":"https:\/\/progepe.ufpr.br\/portarias\/wp-json\/wp\/v2\/types\/post"}],"author":[{"embeddable":true,"href":"https:\/\/progepe.ufpr.br\/portarias\/wp-json\/wp\/v2\/users\/41"}],"replies":[{"embeddable":true,"href":"https:\/\/progepe.ufpr.br\/portarias\/wp-json\/wp\/v2\/comments?post=174066"}],"version-history":[{"count":1,"href":"https:\/\/progepe.ufpr.br\/portarias\/wp-json\/wp\/v2\/posts\/174066\/revisions"}],"predecessor-version":[{"id":213172,"href":"https:\/\/progepe.ufpr.br\/portarias\/wp-json\/wp\/v2\/posts\/174066\/revisions\/213172"}],"wp:attachment":[{"href":"https:\/\/progepe.ufpr.br\/portarias\/wp-json\/wp\/v2\/media?parent=174066"}],"wp:term":[{"taxonomy":"category","embeddable":true,"href":"https:\/\/progepe.ufpr.br\/portarias\/wp-json\/wp\/v2\/categories?post=174066"},{"taxonomy":"post_tag","embeddable":true,"href":"https:\/\/progepe.ufpr.br\/portarias\/wp-json\/wp\/v2\/tags?post=174066"}],"curies":[{"name":"wp","href":"https:\/\/api.w.org\/{rel}","templated":true}]}}