{"id":174089,"date":"2009-10-23T10:05:00","date_gmt":"2009-10-23T12:05:00","guid":{"rendered":"http:\/\/progepe.ufpr.br\/portarias\/?p=174089"},"modified":"2024-08-16T15:33:07","modified_gmt":"2024-08-16T18:33:07","slug":"progepe-2009-03541","status":"publish","type":"post","link":"https:\/\/progepe.ufpr.br\/portarias\/progepe-2009-03541\/","title":{"rendered":"PORTARIA N\u00ba 03541\/PROGEPE, DE 23 DE OUTUBRO DE 2009"},"content":{"rendered":"\n<p style=\"padding-left:43%\">A Pr\u00f3-Reitora de Gest\u00e3o de Pessoas da Universidade Federal do Paran\u00e1, no uso de suas atribui\u00e7\u00f5es, tendo em vista a compet\u00eancia que lhe \u00e9 conferida pela Portaria n\u00ba 2.590, de 26 de setembro de 1997 e ainda o contido no processo n\u00ba 079658\/2009-12,<\/p>\n\n\n\n<p style=\"padding-left:43%\"><strong>RESOLVE:<\/strong><\/p>\n\n\n\n<p>I. Revogar as Portarias n\u00ba <a href=\"https:\/\/progepe.ufpr.br\/portarias\/progepe-2009-02591\/\" data-type=\"post\" data-id=\"175817\">2.591\/PROGEPE, de 23 de julho de 2009<\/a> e n\u00ba <a href=\"https:\/\/progepe.ufpr.br\/portarias\/progepe-2009-02904\/\" data-type=\"post\" data-id=\"175831\">2.904\/PROGEPE, de 18 de agosto de 2009<\/a>.<\/p>\n\n\n\n<p>II. Designar os servidores LANDRI ROBERTO ROEHRS &#8211; 143693, Economista; LEANDRO FARIAS DA ROCHA &#8211; 158003, Auxiliar de Enfermagem, ambos lotados no Hospital de Cl\u00ednicas; e DANIEL CESAR ANTUNES PAREDES &#8211; 154415, T\u00e9cnico de Laborat\u00f3rio &#8211; \u00c1rea, lotado no Departamento de Geologia do Setor de Ci\u00eancias da Terra, para, sob a presid\u00eancia do primeiro, constitu\u00edrem Comiss\u00e3o de Sindic\u00e2ncia, com a finalidade de apurar a den\u00fancia contida no processo n\u00ba 23075.079658\/2009-12.<\/p>\n","protected":false},"excerpt":{"rendered":"<p>I. Revogar as Portarias n\u00ba <a href=\"https:\/\/progepe.ufpr.br\/portarias\/progepe-2009-02591\/\" data-type=\"post\" data-id=\"175817\">2.591\/PROGEPE, de 23 de julho de 2009<\/a> e n\u00ba <a href=\"https:\/\/progepe.ufpr.br\/portarias\/progepe-2009-02904\/\" data-type=\"post\" data-id=\"175831\">2.904\/PROGEPE, de 18 de agosto de 2009<\/a>.  II. Designar os servidores LANDRI ROBERTO ROEHRS &#8211; 143693, Economista; LEANDRO FARIAS DA ROCHA &#8211; 158003, Auxiliar de Enfermagem, ambos lotados no Hospital de Cl\u00ednicas; e DANIEL CESAR ANTUNES PAREDES &#8211; 154415, T\u00e9cnico de Laborat\u00f3rio &#8211; \u00c1rea, lotado no Departamento de Geologia do Setor de Ci\u00eancias da Terra, para, sob a presid\u00eancia do primeiro, constitu\u00edrem Comiss\u00e3o de Sindic\u00e2ncia, com a finalidade de apurar a den\u00fancia contida no processo n\u00ba 23075.079658\/2009-12.<\/p>\n","protected":false},"author":39,"featured_media":0,"comment_status":"closed","ping_status":"closed","sticky":false,"template":"","format":"standard","meta":{"_acf_changed":false,"iawp_total_views":2,"footnotes":""},"categories":[116],"tags":[132],"class_list":["post-174089","post","type-post","status-publish","format-standard","hentry","category-progepe","tag-pad-sindicancia"],"acf":[],"_links":{"self":[{"href":"https:\/\/progepe.ufpr.br\/portarias\/wp-json\/wp\/v2\/posts\/174089","targetHints":{"allow":["GET"]}}],"collection":[{"href":"https:\/\/progepe.ufpr.br\/portarias\/wp-json\/wp\/v2\/posts"}],"about":[{"href":"https:\/\/progepe.ufpr.br\/portarias\/wp-json\/wp\/v2\/types\/post"}],"author":[{"embeddable":true,"href":"https:\/\/progepe.ufpr.br\/portarias\/wp-json\/wp\/v2\/users\/39"}],"replies":[{"embeddable":true,"href":"https:\/\/progepe.ufpr.br\/portarias\/wp-json\/wp\/v2\/comments?post=174089"}],"version-history":[{"count":9,"href":"https:\/\/progepe.ufpr.br\/portarias\/wp-json\/wp\/v2\/posts\/174089\/revisions"}],"predecessor-version":[{"id":257068,"href":"https:\/\/progepe.ufpr.br\/portarias\/wp-json\/wp\/v2\/posts\/174089\/revisions\/257068"}],"wp:attachment":[{"href":"https:\/\/progepe.ufpr.br\/portarias\/wp-json\/wp\/v2\/media?parent=174089"}],"wp:term":[{"taxonomy":"category","embeddable":true,"href":"https:\/\/progepe.ufpr.br\/portarias\/wp-json\/wp\/v2\/categories?post=174089"},{"taxonomy":"post_tag","embeddable":true,"href":"https:\/\/progepe.ufpr.br\/portarias\/wp-json\/wp\/v2\/tags?post=174089"}],"curies":[{"name":"wp","href":"https:\/\/api.w.org\/{rel}","templated":true}]}}