{"id":174824,"date":"2009-07-13T10:28:00","date_gmt":"2009-07-13T13:28:00","guid":{"rendered":"http:\/\/progepe.ufpr.br\/portarias\/progepe-2009-02355\/"},"modified":"2023-08-03T11:18:56","modified_gmt":"2023-08-03T14:18:56","slug":"progepe-2009-02355","status":"publish","type":"post","link":"https:\/\/progepe.ufpr.br\/portarias\/progepe-2009-02355\/","title":{"rendered":"PORTARIA N\u00ba 02355\/PROGEPE, DE 13 DE JULHO DE 2009"},"content":{"rendered":"\n<p>A Pr\u00f3-Reitora de Gest\u00e3o de Pessoas da Universidade Federal do Paran\u00e1, no uso de suas atribui\u00e7\u00f5es, tendo em vista a compet\u00eancia que lhe \u00e9 conferida pela Portaria n\u00ba 2.590, de 26 de setembro de 1997 e considerando o que consta no processo n\u00ba 068262\/2009-40,<\/p>\n\n\n<p><strong>RESOLVE:<\/strong><\/p>\n\n\n<p>Conceder Aposentadoria Volunt\u00e1ria por Tempo de Contribui\u00e7\u00e3o, prevista no art. 6\u00ba, da Emenda Constitucional n\u00ba 41 de 31 de dezembro de 2003, ao Professor JOSE CELSO S\u00c3O JO\u00c3O &#8211; 66265, categoria funcional de Magist\u00e9rio Superior, classe Adjunto, n\u00edvel de capacita\u00e7\u00e3o IV, com Mestrado, regime de 40 (quarenta) horas semanais co Dedica\u00e7\u00e3o Exclusiva, lotado no Departamento de Geom\u00e1tica do Setor de Tecnologia, com o vencimento do mencionado cargo, mais a Gratifica\u00e7\u00e3o Adicional por Tempo de Servi\u00e7o, prevista no art. 67 da Lei 8.112\/90, no \u00edndice de 21 (vinte e um por cento), mais o percentual de 3,17 decorrente da Senten\u00e7a Judicial proferida em A\u00e7\u00e3o Ordin\u00e1ria 99.000.5007-0 da 2\u00aa Vara Federal &#8211; PR, mais a Retribui\u00e7\u00e3o por Titula\u00e7\u00e3o, institu\u00edda pela Lei n\u00ba 11.784\/08, mais a Gratifica\u00e7\u00e3o Espec\u00edfica de Magist\u00e9rio Superior, Lei 11.784\/08.<\/p><p><\/p>\n\n\n<div style=\"height:15px\" aria-hidden=\"true\" class=\"wp-block-spacer\"><\/div>\n\n\n<div class=\"wp-block-buttons is-content-justification-right is-layout-flex wp-container-core-buttons-is-layout-1 wp-block-buttons-is-layout-flex\">\n<div class=\"wp-block-button has-custom-font-size is-style-outline has-small-font-size is-style-outline--1\"><a class=\"wp-block-button__link\" href=\"https:\/\/progepe.ufpr.br\/portarias\/wp-content\/uploads\/pcp\/PROGEPE\/2009\/2355PR.pdf\" style=\"border-radius:0px\" target=\"_blank\" rel=\"noreferrer noopener\">Acesse o arquivo da portaria<\/a><\/div><\/div>\n","protected":false},"excerpt":{"rendered":"<p>Conceder Aposentadoria Volunt\u00e1ria por Tempo de Contribui\u00e7\u00e3o, prevista no art. 6\u00ba, da Emenda Constitucional n\u00ba 41 de 31 de dezembro de 2003, ao Professor JOSE CELSO S\u00c3O JO\u00c3O &#8211; 66265, categoria funcional de Magist\u00e9rio Superior, classe Adjunto, n\u00edvel de capacita\u00e7\u00e3o IV, com Mestrado, regime de 40 (quarenta) horas semanais co Dedica\u00e7\u00e3o Exclusiva, lotado no Departamento de Geom\u00e1tica do Setor de Tecnologia, com o vencimento do mencionado cargo, mais a Gratifica\u00e7\u00e3o Adicional por Tempo de Servi\u00e7o, prevista no art. 67 da Lei 8.112\/90, no \u00edndice de 21 (vinte e um por cento), mais o percentual de 3,17 decorrente da<\/p>\n","protected":false},"author":41,"featured_media":0,"comment_status":"closed","ping_status":"closed","sticky":false,"template":"wp-custom-template-emissao-entre-01-05-2004-ate-30-06-2017","format":"standard","meta":{"_acf_changed":false,"iawp_total_views":0,"footnotes":""},"categories":[116],"tags":[125],"class_list":["post-174824","post","type-post","status-publish","format-standard","hentry","category-progepe","tag-aposentadoria"],"acf":[],"_links":{"self":[{"href":"https:\/\/progepe.ufpr.br\/portarias\/wp-json\/wp\/v2\/posts\/174824","targetHints":{"allow":["GET"]}}],"collection":[{"href":"https:\/\/progepe.ufpr.br\/portarias\/wp-json\/wp\/v2\/posts"}],"about":[{"href":"https:\/\/progepe.ufpr.br\/portarias\/wp-json\/wp\/v2\/types\/post"}],"author":[{"embeddable":true,"href":"https:\/\/progepe.ufpr.br\/portarias\/wp-json\/wp\/v2\/users\/41"}],"replies":[{"embeddable":true,"href":"https:\/\/progepe.ufpr.br\/portarias\/wp-json\/wp\/v2\/comments?post=174824"}],"version-history":[{"count":1,"href":"https:\/\/progepe.ufpr.br\/portarias\/wp-json\/wp\/v2\/posts\/174824\/revisions"}],"predecessor-version":[{"id":213669,"href":"https:\/\/progepe.ufpr.br\/portarias\/wp-json\/wp\/v2\/posts\/174824\/revisions\/213669"}],"wp:attachment":[{"href":"https:\/\/progepe.ufpr.br\/portarias\/wp-json\/wp\/v2\/media?parent=174824"}],"wp:term":[{"taxonomy":"category","embeddable":true,"href":"https:\/\/progepe.ufpr.br\/portarias\/wp-json\/wp\/v2\/categories?post=174824"},{"taxonomy":"post_tag","embeddable":true,"href":"https:\/\/progepe.ufpr.br\/portarias\/wp-json\/wp\/v2\/tags?post=174824"}],"curies":[{"name":"wp","href":"https:\/\/api.w.org\/{rel}","templated":true}]}}