{"id":174847,"date":"2009-08-04T10:14:00","date_gmt":"2009-08-04T13:14:00","guid":{"rendered":"http:\/\/progepe.ufpr.br\/portarias\/progepe-2009-02721\/"},"modified":"2023-08-03T11:19:29","modified_gmt":"2023-08-03T14:19:29","slug":"progepe-2009-02721","status":"publish","type":"post","link":"https:\/\/progepe.ufpr.br\/portarias\/progepe-2009-02721\/","title":{"rendered":"PORTARIA N\u00ba 02721\/PROGEPE, DE 04 DE AGOSTO DE 2009"},"content":{"rendered":"\n<p>A Pr\u00f3-Reitora de Gest\u00e3o de Pessoas da Universidade Federal do Paran\u00e1, no uso de suas atribui\u00e7\u00f5es, tendo em vista a compet\u00eancia que lhe \u00e9 conferida pela Portaria n\u00ba 2.590, de 26 de setembro de 1997 e considerando o que consta no processo n\u00ba 087137\/2009-39,<\/p>\n\n\n<p><strong>RESOLVE:<\/strong><\/p>\n\n\n<p>Conceder Aposentadoria Volunt\u00e1ria por tempo de contribui\u00e7\u00e3o, nos termos do Art. 3\u00ba da Emenda Constitucional n\u00ba 47, de 05.07.2005, \u00e0 servidora DIRCE YOSHICO MISUGI \u2013 078751, lotada no Hospital de Cl\u00ednicas, ocupante do cargo de Enfermeiro, n\u00edvel de classifica\u00e7\u00e3o E, n\u00edvel de capacita\u00e7\u00e3o IV e padr\u00e3o de vencimento 16, no regime de 40 (quarenta) horas semanais, com o vencimento do mencionado cargo, mais a Gratifica\u00e7\u00e3o Adicional por tempo de servi\u00e7o, prevista no Art. 67 da Lei n\u00ba 8.112\/90, no \u00edndice de 20 (vinte por cento), calculada sobre o vencimento b\u00e1sico, mais Vantagem Pessoal Art. 5\u00ba do Decreto n\u00ba 95.689\/88 mantida conforme Senten\u00e7a Judicial \u2013 A\u00e7\u00e3o Ordin\u00e1ria n\u00ba 2002.70.00.069385-5, mais o percentual de 3,17 decorrente da Senten\u00e7a Judicial proferida em A\u00e7\u00e3o Ordin\u00e1ria n\u00ba 99.000.4048-1 da 5\u00aa Vara Federal-PR, mais a mais o Vencimento B\u00e1sico Complementar, art. 15 da Lei n\u00ba 11.091\/05, mais o Incentivo \u00e1 Qualifica\u00e7\u00e3o, Decreto n\u00ba 5.824\/06.<\/p><p><\/p>\n\n\n<div style=\"height:15px\" aria-hidden=\"true\" class=\"wp-block-spacer\"><\/div>\n\n\n<div class=\"wp-block-buttons is-content-justification-right is-layout-flex wp-container-core-buttons-is-layout-1 wp-block-buttons-is-layout-flex\">\n<div class=\"wp-block-button has-custom-font-size is-style-outline has-small-font-size is-style-outline--1\"><a class=\"wp-block-button__link\" href=\"https:\/\/progepe.ufpr.br\/portarias\/wp-content\/uploads\/pcp\/PROGEPE\/2009\/2721PR.pdf\" style=\"border-radius:0px\" target=\"_blank\" rel=\"noreferrer noopener\">Acesse o arquivo da portaria<\/a><\/div><\/div>\n","protected":false},"excerpt":{"rendered":"<p>Conceder Aposentadoria Volunt\u00e1ria por tempo de contribui\u00e7\u00e3o, nos termos do Art. 3\u00ba da Emenda Constitucional n\u00ba 47, de 05.07.2005, \u00e0 servidora DIRCE YOSHICO MISUGI \u2013 078751, lotada no Hospital de Cl\u00ednicas, ocupante do cargo de Enfermeiro, n\u00edvel de classifica\u00e7\u00e3o E, n\u00edvel de capacita\u00e7\u00e3o IV e padr\u00e3o de vencimento 16, no regime de 40 (quarenta) horas semanais, com o vencimento do mencionado cargo, mais a Gratifica\u00e7\u00e3o Adicional por tempo de servi\u00e7o, prevista no Art. 67 da Lei n\u00ba 8.112\/90, no \u00edndice de 20 (vinte por cento), calculada sobre o vencimento b\u00e1sico, mais Vantagem Pessoal Art. 5\u00ba do Decreto n\u00ba<\/p>\n","protected":false},"author":41,"featured_media":0,"comment_status":"closed","ping_status":"closed","sticky":false,"template":"wp-custom-template-emissao-entre-01-05-2004-ate-30-06-2017","format":"standard","meta":{"_acf_changed":false,"iawp_total_views":0,"footnotes":""},"categories":[116],"tags":[125],"class_list":["post-174847","post","type-post","status-publish","format-standard","hentry","category-progepe","tag-aposentadoria"],"acf":[],"_links":{"self":[{"href":"https:\/\/progepe.ufpr.br\/portarias\/wp-json\/wp\/v2\/posts\/174847","targetHints":{"allow":["GET"]}}],"collection":[{"href":"https:\/\/progepe.ufpr.br\/portarias\/wp-json\/wp\/v2\/posts"}],"about":[{"href":"https:\/\/progepe.ufpr.br\/portarias\/wp-json\/wp\/v2\/types\/post"}],"author":[{"embeddable":true,"href":"https:\/\/progepe.ufpr.br\/portarias\/wp-json\/wp\/v2\/users\/41"}],"replies":[{"embeddable":true,"href":"https:\/\/progepe.ufpr.br\/portarias\/wp-json\/wp\/v2\/comments?post=174847"}],"version-history":[{"count":1,"href":"https:\/\/progepe.ufpr.br\/portarias\/wp-json\/wp\/v2\/posts\/174847\/revisions"}],"predecessor-version":[{"id":213692,"href":"https:\/\/progepe.ufpr.br\/portarias\/wp-json\/wp\/v2\/posts\/174847\/revisions\/213692"}],"wp:attachment":[{"href":"https:\/\/progepe.ufpr.br\/portarias\/wp-json\/wp\/v2\/media?parent=174847"}],"wp:term":[{"taxonomy":"category","embeddable":true,"href":"https:\/\/progepe.ufpr.br\/portarias\/wp-json\/wp\/v2\/categories?post=174847"},{"taxonomy":"post_tag","embeddable":true,"href":"https:\/\/progepe.ufpr.br\/portarias\/wp-json\/wp\/v2\/tags?post=174847"}],"curies":[{"name":"wp","href":"https:\/\/api.w.org\/{rel}","templated":true}]}}