{"id":174859,"date":"2009-09-03T10:21:00","date_gmt":"2009-09-03T13:21:00","guid":{"rendered":"http:\/\/progepe.ufpr.br\/portarias\/progepe-2009-03108\/"},"modified":"2023-08-03T11:20:02","modified_gmt":"2023-08-03T14:20:02","slug":"progepe-2009-03108","status":"publish","type":"post","link":"https:\/\/progepe.ufpr.br\/portarias\/progepe-2009-03108\/","title":{"rendered":"PORTARIA N\u00ba 03108\/PROGEPE, DE 03 DE SETEMBRO DE 2009"},"content":{"rendered":"\n<p>A Pr\u00f3-Reitora de Gest\u00e3o de Pessoas da Universidade Federal do Paran\u00e1, no uso de suas atribui\u00e7\u00f5es, tendo em vista a compet\u00eancia que lhe \u00e9 conferida pela Portaria n\u00ba 2.590, de 26 de setembro de 1997 e considerando o que consta no processo n\u00ba 095503\/2009-23,<\/p>\n\n\n<p><strong>RESOLVE:<\/strong><\/p>\n\n\n<p>Conceder Aposentadoria Volunt\u00e1ria por Tempo de Contribui\u00e7\u00e3o, nos termos do art. 6\u00ba da Emenda Constitucional n\u00ba 41, de 31 de dezembro de 2003, \u00e0 servidora LAURA CLEUSA DE OLIVEIRA -13300, ocupante do cargo de Auxiliar de Enfermagem, n\u00edvel de Classifica\u00e7\u00e3o C, n\u00edvel de capacita\u00e7\u00e3o I, padr\u00e3o de vencimento 09, regime de trabalho de 40 (vinte) horas semanais, lotado no Departamento de Estomatologia do Setor de Ci\u00eancias da Sa\u00fade, com o vencimento do mencionado cargo, mais a Gratifica\u00e7\u00e3o Adicional por Tempo de Servi\u00e7o, prevista no art. 67 da Lei 8.112\/90, no \u00edndice de 03 (tr\u00eas por cento).<\/p><p><\/p>\n\n\n<div style=\"height:15px\" aria-hidden=\"true\" class=\"wp-block-spacer\"><\/div>\n\n\n<div class=\"wp-block-buttons is-content-justification-right is-layout-flex wp-container-core-buttons-is-layout-1 wp-block-buttons-is-layout-flex\">\n<div class=\"wp-block-button has-custom-font-size is-style-outline has-small-font-size is-style-outline--1\"><a class=\"wp-block-button__link\" href=\"https:\/\/progepe.ufpr.br\/portarias\/wp-content\/uploads\/pcp\/PROGEPE\/2009\/3108PR.pdf\" style=\"border-radius:0px\" target=\"_blank\" rel=\"noreferrer noopener\">Acesse o arquivo da portaria<\/a><\/div><\/div>\n","protected":false},"excerpt":{"rendered":"<p>Conceder Aposentadoria Volunt\u00e1ria por Tempo de Contribui\u00e7\u00e3o, nos termos do art. 6\u00ba da Emenda Constitucional n\u00ba 41, de 31 de dezembro de 2003, \u00e0 servidora LAURA CLEUSA DE OLIVEIRA -13300, ocupante do cargo de Auxiliar de Enfermagem, n\u00edvel de Classifica\u00e7\u00e3o C, n\u00edvel de capacita\u00e7\u00e3o I, padr\u00e3o de vencimento 09, regime de trabalho de 40 (vinte) horas semanais, lotado no Departamento de Estomatologia do Setor de Ci\u00eancias da Sa\u00fade, com o vencimento do mencionado cargo, mais a Gratifica\u00e7\u00e3o Adicional por Tempo de Servi\u00e7o, prevista no art. 67 da Lei 8.112\/90, no \u00edndice de 03 (tr\u00eas por cento).  {&#8220;height&#8221;:&#8221;15px&#8221;}<\/p>\n","protected":false},"author":41,"featured_media":0,"comment_status":"closed","ping_status":"closed","sticky":false,"template":"wp-custom-template-emissao-entre-01-05-2004-ate-30-06-2017","format":"standard","meta":{"_acf_changed":false,"iawp_total_views":0,"footnotes":""},"categories":[116],"tags":[125],"class_list":["post-174859","post","type-post","status-publish","format-standard","hentry","category-progepe","tag-aposentadoria"],"acf":[],"_links":{"self":[{"href":"https:\/\/progepe.ufpr.br\/portarias\/wp-json\/wp\/v2\/posts\/174859","targetHints":{"allow":["GET"]}}],"collection":[{"href":"https:\/\/progepe.ufpr.br\/portarias\/wp-json\/wp\/v2\/posts"}],"about":[{"href":"https:\/\/progepe.ufpr.br\/portarias\/wp-json\/wp\/v2\/types\/post"}],"author":[{"embeddable":true,"href":"https:\/\/progepe.ufpr.br\/portarias\/wp-json\/wp\/v2\/users\/41"}],"replies":[{"embeddable":true,"href":"https:\/\/progepe.ufpr.br\/portarias\/wp-json\/wp\/v2\/comments?post=174859"}],"version-history":[{"count":1,"href":"https:\/\/progepe.ufpr.br\/portarias\/wp-json\/wp\/v2\/posts\/174859\/revisions"}],"predecessor-version":[{"id":213704,"href":"https:\/\/progepe.ufpr.br\/portarias\/wp-json\/wp\/v2\/posts\/174859\/revisions\/213704"}],"wp:attachment":[{"href":"https:\/\/progepe.ufpr.br\/portarias\/wp-json\/wp\/v2\/media?parent=174859"}],"wp:term":[{"taxonomy":"category","embeddable":true,"href":"https:\/\/progepe.ufpr.br\/portarias\/wp-json\/wp\/v2\/categories?post=174859"},{"taxonomy":"post_tag","embeddable":true,"href":"https:\/\/progepe.ufpr.br\/portarias\/wp-json\/wp\/v2\/tags?post=174859"}],"curies":[{"name":"wp","href":"https:\/\/api.w.org\/{rel}","templated":true}]}}