{"id":174990,"date":"2009-03-05T10:00:00","date_gmt":"2009-03-05T13:00:00","guid":{"rendered":"http:\/\/progepe.ufpr.br\/portarias\/progepe-2009-00451\/"},"modified":"2023-07-31T17:35:34","modified_gmt":"2023-07-31T20:35:34","slug":"progepe-2009-00451","status":"publish","type":"post","link":"https:\/\/progepe.ufpr.br\/portarias\/progepe-2009-00451\/","title":{"rendered":"PORTARIA N\u00ba 00451\/PROGEPE, DE 05 DE MAR\u00c7O DE 2009"},"content":{"rendered":"\n<p>A Pr\u00f3-Reitora de Gest\u00e3o de Pessoas da Universidade Federal do Paran\u00e1, no uso de suas atribui\u00e7\u00f5es, tendo em vista a compet\u00eancia que lhe \u00e9 conferida pela Portaria n\u00ba 2.590, de 26 de setembro de 1997 e considerando o que consta no processo n\u00ba 6508\/99-93,<\/p>\n\n\n<p><strong>RESOLVE:<\/strong><\/p>\n\n\n<p>Alterar a Portaria n\u00ba 2573\/PRHAE, de 31.03.1999, publicada em DOU de 05.04.1999, que concedeu aposentadoria volunt\u00e1ria proporcional ao tempo de servi\u00e7o \u00e0 servidora IRENE KOZAK URNAU \u2013 54062, para declarar, em cumprimento \u00e0 ordem judicial proferida nos Autos n\u00ba 2006.70.50.008086-4 \u2013 3\u00aa JECP\/Curitiba \u2013 Paran\u00e1 que, nos termos do preceituado no Artigo 3\u00ba da E.C. 20\/98 e o disposto no Artigo 40, inciso III, al\u00ednea a, da Constitui\u00e7\u00e3o Federal\/88 e Artigo 186, inciso III, al\u00ednea a, da Lei n\u00ba 8112\/90, \u00e0 data de sua vig\u00eancia, 05.04.1999, a aposentadoria \u00e9 por tempo de servi\u00e7o com proventos integrais, com base na remunera\u00e7\u00e3o estipulada para o cargo de T\u00e9cnico de Laborat\u00f3rio\/\u00c1rea no qual se deu a aposentadoria, observada a prescri\u00e7\u00e3o quinquenal determinada pelo ju\u00edzo.<\/p><p><\/p>\n\n\n<div style=\"height:15px\" aria-hidden=\"true\" class=\"wp-block-spacer\"><\/div>\n\n\n<div class=\"wp-block-buttons is-content-justification-right is-layout-flex wp-container-core-buttons-is-layout-1 wp-block-buttons-is-layout-flex\">\n<div class=\"wp-block-button has-custom-font-size is-style-outline has-small-font-size is-style-outline--1\"><a class=\"wp-block-button__link\" href=\"https:\/\/progepe.ufpr.br\/portarias\/wp-content\/uploads\/pcp\/PROGEPE\/2009\/451PR.pdf\" style=\"border-radius:0px\" target=\"_blank\" rel=\"noreferrer noopener\">Acesse o arquivo da portaria<\/a><\/div><\/div>\n","protected":false},"excerpt":{"rendered":"<p>Alterar a Portaria n\u00ba 2573\/PRHAE, de 31.03.1999, publicada em DOU de 05.04.1999, que concedeu aposentadoria volunt\u00e1ria proporcional ao tempo de servi\u00e7o \u00e0 servidora IRENE KOZAK URNAU \u2013 54062, para declarar, em cumprimento \u00e0 ordem judicial proferida nos Autos n\u00ba 2006.70.50.008086-4 \u2013 3\u00aa JECP\/Curitiba \u2013 Paran\u00e1 que, nos termos do preceituado no Artigo 3\u00ba da E.C. 20\/98 e o disposto no Artigo 40, inciso III, al\u00ednea a, da Constitui\u00e7\u00e3o Federal\/88 e Artigo 186, inciso III, al\u00ednea a, da Lei n\u00ba 8112\/90, \u00e0 data de sua vig\u00eancia, 05.04.1999, a aposentadoria \u00e9 por tempo de servi\u00e7o com proventos integrais, com base<\/p>\n","protected":false},"author":41,"featured_media":0,"comment_status":"closed","ping_status":"closed","sticky":false,"template":"wp-custom-template-emissao-entre-01-05-2004-ate-30-06-2017","format":"standard","meta":{"_acf_changed":false,"iawp_total_views":0,"footnotes":""},"categories":[116],"tags":[125],"class_list":["post-174990","post","type-post","status-publish","format-standard","hentry","category-progepe","tag-aposentadoria"],"acf":[],"_links":{"self":[{"href":"https:\/\/progepe.ufpr.br\/portarias\/wp-json\/wp\/v2\/posts\/174990","targetHints":{"allow":["GET"]}}],"collection":[{"href":"https:\/\/progepe.ufpr.br\/portarias\/wp-json\/wp\/v2\/posts"}],"about":[{"href":"https:\/\/progepe.ufpr.br\/portarias\/wp-json\/wp\/v2\/types\/post"}],"author":[{"embeddable":true,"href":"https:\/\/progepe.ufpr.br\/portarias\/wp-json\/wp\/v2\/users\/41"}],"replies":[{"embeddable":true,"href":"https:\/\/progepe.ufpr.br\/portarias\/wp-json\/wp\/v2\/comments?post=174990"}],"version-history":[{"count":1,"href":"https:\/\/progepe.ufpr.br\/portarias\/wp-json\/wp\/v2\/posts\/174990\/revisions"}],"predecessor-version":[{"id":213834,"href":"https:\/\/progepe.ufpr.br\/portarias\/wp-json\/wp\/v2\/posts\/174990\/revisions\/213834"}],"wp:attachment":[{"href":"https:\/\/progepe.ufpr.br\/portarias\/wp-json\/wp\/v2\/media?parent=174990"}],"wp:term":[{"taxonomy":"category","embeddable":true,"href":"https:\/\/progepe.ufpr.br\/portarias\/wp-json\/wp\/v2\/categories?post=174990"},{"taxonomy":"post_tag","embeddable":true,"href":"https:\/\/progepe.ufpr.br\/portarias\/wp-json\/wp\/v2\/tags?post=174990"}],"curies":[{"name":"wp","href":"https:\/\/api.w.org\/{rel}","templated":true}]}}