{"id":175007,"date":"2009-03-06T10:22:00","date_gmt":"2009-03-06T13:22:00","guid":{"rendered":"http:\/\/progepe.ufpr.br\/portarias\/progepe-2009-00487\/"},"modified":"2023-08-03T11:16:10","modified_gmt":"2023-08-03T14:16:10","slug":"progepe-2009-00487","status":"publish","type":"post","link":"https:\/\/progepe.ufpr.br\/portarias\/progepe-2009-00487\/","title":{"rendered":"PORTARIA N\u00ba 00487\/PROGEPE, DE 06 DE MAR\u00c7O DE 2009"},"content":{"rendered":"\n<p>A Pr\u00f3-Reitora de Gest\u00e3o de Pessoas da Universidade Federal do Paran\u00e1, no uso de suas atribui\u00e7\u00f5es, tendo em vista a compet\u00eancia que lhe \u00e9 conferida pela Portaria n\u00ba 2.590, de 26 de setembro de 1997 e considerando o que consta no processo n\u00ba 59572\/09- 73,<\/p>\n\n\n<p><strong>RESOLVE:<\/strong><\/p>\n\n\n<p>Conceder Aposentadoria Volunt\u00e1ria por Tempo de Contribui\u00e7\u00e3o em Magist\u00e9rio, nos termos do Art. 3\u00ba da Emenda Constitucional n\u00ba 41, de 31.12.2003, e prevista no Art. 8\u00ba, \u00a7 4\u00ba, da Emenda Constitucional n\u00ba 20, de 16.08.98, a JOSE BENEDITO DE PAULA \u2013 54674, do QP-UFPR, lotado no Departamento de Economia do Setor de Ci\u00eancias Sociais Aplicadas, ocupante da categoria funcional de Magist\u00e9rio Superior, classe de Professor Associado, n\u00edvel I, com Doutorado, no regime de 40 (quarenta) horas semanais, com Dedica\u00e7\u00e3o Exclusiva, com o vencimento do mencionado cargo, mais a Gratifica\u00e7\u00e3o Adicional por Tempo de Servi\u00e7o, prevista no Art. 67 da Lei n\u00ba 8.112\/90, no \u00edndice de 26 (vinte e seis por cento), mais o percentual de 3,17 decorrente da Senten\u00e7a Judicial proferida em A\u00e7\u00e3o Ordin\u00e1ria 99.000.5007-0 da 2\u00aa Vara Federal \u2013 PR, mais a Retribui\u00e7\u00e3o por Titula\u00e7\u00e3o, MP 431, de 14.05.08, mais a Gratifica\u00e7\u00e3o de ensino de Magist\u00e9rio Superior, Lei n\u00ba 11.784\/08.<\/p><p><\/p>\n\n\n<div style=\"height:15px\" aria-hidden=\"true\" class=\"wp-block-spacer\"><\/div>\n\n\n<div class=\"wp-block-buttons is-content-justification-right is-layout-flex wp-container-core-buttons-is-layout-1 wp-block-buttons-is-layout-flex\">\n<div class=\"wp-block-button has-custom-font-size is-style-outline has-small-font-size is-style-outline--1\"><a class=\"wp-block-button__link\" href=\"https:\/\/progepe.ufpr.br\/portarias\/wp-content\/uploads\/pcp\/PROGEPE\/2009\/487PR.pdf\" style=\"border-radius:0px\" target=\"_blank\" rel=\"noreferrer noopener\">Acesse o arquivo da portaria<\/a><\/div><\/div>\n","protected":false},"excerpt":{"rendered":"<p>Conceder Aposentadoria Volunt\u00e1ria por Tempo de Contribui\u00e7\u00e3o em Magist\u00e9rio, nos termos do Art. 3\u00ba da Emenda Constitucional n\u00ba 41, de 31.12.2003, e prevista no Art. 8\u00ba, \u00a7 4\u00ba, da Emenda Constitucional n\u00ba 20, de 16.08.98, a JOSE BENEDITO DE PAULA \u2013 54674, do QP-UFPR, lotado no Departamento de Economia do Setor de Ci\u00eancias Sociais Aplicadas, ocupante da categoria funcional de Magist\u00e9rio Superior, classe de Professor Associado, n\u00edvel I, com Doutorado, no regime de 40 (quarenta) horas semanais, com Dedica\u00e7\u00e3o Exclusiva, com o vencimento do mencionado cargo, mais a Gratifica\u00e7\u00e3o Adicional por Tempo de Servi\u00e7o, prevista no Art. 67<\/p>\n","protected":false},"author":41,"featured_media":0,"comment_status":"closed","ping_status":"closed","sticky":false,"template":"wp-custom-template-emissao-entre-01-05-2004-ate-30-06-2017","format":"standard","meta":{"_acf_changed":false,"iawp_total_views":1,"footnotes":""},"categories":[116],"tags":[125],"class_list":["post-175007","post","type-post","status-publish","format-standard","hentry","category-progepe","tag-aposentadoria"],"acf":[],"_links":{"self":[{"href":"https:\/\/progepe.ufpr.br\/portarias\/wp-json\/wp\/v2\/posts\/175007","targetHints":{"allow":["GET"]}}],"collection":[{"href":"https:\/\/progepe.ufpr.br\/portarias\/wp-json\/wp\/v2\/posts"}],"about":[{"href":"https:\/\/progepe.ufpr.br\/portarias\/wp-json\/wp\/v2\/types\/post"}],"author":[{"embeddable":true,"href":"https:\/\/progepe.ufpr.br\/portarias\/wp-json\/wp\/v2\/users\/41"}],"replies":[{"embeddable":true,"href":"https:\/\/progepe.ufpr.br\/portarias\/wp-json\/wp\/v2\/comments?post=175007"}],"version-history":[{"count":1,"href":"https:\/\/progepe.ufpr.br\/portarias\/wp-json\/wp\/v2\/posts\/175007\/revisions"}],"predecessor-version":[{"id":213851,"href":"https:\/\/progepe.ufpr.br\/portarias\/wp-json\/wp\/v2\/posts\/175007\/revisions\/213851"}],"wp:attachment":[{"href":"https:\/\/progepe.ufpr.br\/portarias\/wp-json\/wp\/v2\/media?parent=175007"}],"wp:term":[{"taxonomy":"category","embeddable":true,"href":"https:\/\/progepe.ufpr.br\/portarias\/wp-json\/wp\/v2\/categories?post=175007"},{"taxonomy":"post_tag","embeddable":true,"href":"https:\/\/progepe.ufpr.br\/portarias\/wp-json\/wp\/v2\/tags?post=175007"}],"curies":[{"name":"wp","href":"https:\/\/api.w.org\/{rel}","templated":true}]}}