{"id":175065,"date":"2009-05-04T10:11:00","date_gmt":"2009-05-04T13:11:00","guid":{"rendered":"http:\/\/progepe.ufpr.br\/portarias\/progepe-2009-01162\/"},"modified":"2023-08-03T11:17:10","modified_gmt":"2023-08-03T14:17:10","slug":"progepe-2009-01162","status":"publish","type":"post","link":"https:\/\/progepe.ufpr.br\/portarias\/progepe-2009-01162\/","title":{"rendered":"PORTARIA N\u00ba 01162\/PROGEPE, DE 04 DE MAIO DE 2009"},"content":{"rendered":"\n<p>A Pr\u00f3-Reitora de Gest\u00e3o de Pessoas da Universidade Federal do Paran\u00e1, no uso de suas atribui\u00e7\u00f5es, tendo em vista a compet\u00eancia que lhe \u00e9 conferida pela Portaria n\u00ba 2.590, de 26 de setembro de 1997 e o contido no processo n\u00ba 046866\/2008-54,<\/p>\n\n\n<p><strong>RESOLVE:<\/strong><\/p>\n\n\n<p>I. Averbar, a partir de 16 de outubro de 2008, para fins de aposentadoria, gratifica\u00e7\u00e3o adicional e disponibilidade, o tempo de servi\u00e7o prestado \u00e0 Universidade Federal do Paran\u00e1, no per\u00edodo de 05.02.1992 a 08.03.1999, num total de 2.590 (dois mil, quinhentos e noventa) dias, em favor do servidor ORLANDO CESAR DEVAI &#8211; 200582, ocupante do cargo de Economista, lotado na Coordenadoria de Programa\u00e7\u00e3o e Controle Or\u00e7ament\u00e1rio da Pr\u00f3-Reitoria de Planejamento, Or\u00e7amento e Finan\u00e7as.<\/p><p> II. Averbar, a partir da mesma data, para fins de aposentadoria e disponibilidade, o tempo de servi\u00e7o prestado \u00e0 Universidade Federal do Paran\u00e1, no per\u00edodo de 09.03.1999 a 09.09.2008, no total de 3.473 (tr\u00eas mil, quatrocentos e setenta e tr\u00eas) dias, ao referido servidor.<\/p><p><\/p>\n\n\n<div style=\"height:15px\" aria-hidden=\"true\" class=\"wp-block-spacer\"><\/div>\n\n\n<div class=\"wp-block-buttons is-content-justification-right is-layout-flex wp-container-core-buttons-is-layout-1 wp-block-buttons-is-layout-flex\">\n<div class=\"wp-block-button has-custom-font-size is-style-outline has-small-font-size is-style-outline--1\"><a class=\"wp-block-button__link\" href=\"https:\/\/progepe.ufpr.br\/portarias\/wp-content\/uploads\/pcp\/PROGEPE\/2009\/1162PR.pdf\" style=\"border-radius:0px\" target=\"_blank\" rel=\"noreferrer noopener\">Acesse o arquivo da portaria<\/a><\/div><\/div>\n","protected":false},"excerpt":{"rendered":"<p>I. Averbar, a partir de 16 de outubro de 2008, para fins de aposentadoria, gratifica\u00e7\u00e3o adicional e disponibilidade, o tempo de servi\u00e7o prestado \u00e0 Universidade Federal do Paran\u00e1, no per\u00edodo de 05.02.1992 a 08.03.1999, num total de 2.590 (dois mil, quinhentos e noventa) dias, em favor do servidor ORLANDO CESAR DEVAI &#8211; 200582, ocupante do cargo de Economista, lotado na Coordenadoria de Programa\u00e7\u00e3o e Controle Or\u00e7ament\u00e1rio da Pr\u00f3-Reitoria de Planejamento, Or\u00e7amento e Finan\u00e7as. II. Averbar, a partir da mesma data, para fins de aposentadoria e disponibilidade, o tempo de servi\u00e7o prestado \u00e0 Universidade Federal do Paran\u00e1, no per\u00edodo<\/p>\n","protected":false},"author":41,"featured_media":0,"comment_status":"closed","ping_status":"closed","sticky":false,"template":"wp-custom-template-emissao-entre-01-05-2004-ate-30-06-2017","format":"standard","meta":{"_acf_changed":false,"iawp_total_views":0,"footnotes":""},"categories":[116],"tags":[140],"class_list":["post-175065","post","type-post","status-publish","format-standard","hentry","category-progepe","tag-averbacao-desaverbacao"],"acf":[],"_links":{"self":[{"href":"https:\/\/progepe.ufpr.br\/portarias\/wp-json\/wp\/v2\/posts\/175065","targetHints":{"allow":["GET"]}}],"collection":[{"href":"https:\/\/progepe.ufpr.br\/portarias\/wp-json\/wp\/v2\/posts"}],"about":[{"href":"https:\/\/progepe.ufpr.br\/portarias\/wp-json\/wp\/v2\/types\/post"}],"author":[{"embeddable":true,"href":"https:\/\/progepe.ufpr.br\/portarias\/wp-json\/wp\/v2\/users\/41"}],"replies":[{"embeddable":true,"href":"https:\/\/progepe.ufpr.br\/portarias\/wp-json\/wp\/v2\/comments?post=175065"}],"version-history":[{"count":1,"href":"https:\/\/progepe.ufpr.br\/portarias\/wp-json\/wp\/v2\/posts\/175065\/revisions"}],"predecessor-version":[{"id":213908,"href":"https:\/\/progepe.ufpr.br\/portarias\/wp-json\/wp\/v2\/posts\/175065\/revisions\/213908"}],"wp:attachment":[{"href":"https:\/\/progepe.ufpr.br\/portarias\/wp-json\/wp\/v2\/media?parent=175065"}],"wp:term":[{"taxonomy":"category","embeddable":true,"href":"https:\/\/progepe.ufpr.br\/portarias\/wp-json\/wp\/v2\/categories?post=175065"},{"taxonomy":"post_tag","embeddable":true,"href":"https:\/\/progepe.ufpr.br\/portarias\/wp-json\/wp\/v2\/tags?post=175065"}],"curies":[{"name":"wp","href":"https:\/\/api.w.org\/{rel}","templated":true}]}}