{"id":175386,"date":"2009-07-23T10:06:00","date_gmt":"2009-07-23T13:06:00","guid":{"rendered":"http:\/\/progepe.ufpr.br\/portarias\/progepe-2009-02584\/"},"modified":"2023-08-03T11:19:16","modified_gmt":"2023-08-03T14:19:16","slug":"progepe-2009-02584","status":"publish","type":"post","link":"https:\/\/progepe.ufpr.br\/portarias\/progepe-2009-02584\/","title":{"rendered":"PORTARIA N\u00ba 02584\/PROGEPE, DE 23 DE JULHO DE 2009"},"content":{"rendered":"\n<p>A Pr\u00f3-Reitora de Gest\u00e3o de Pessoas da Universidade Federal do Paran\u00e1, em exerc\u00edcio, no uso de suas atribui\u00e7\u00f5es, tendo em vista a compet\u00eancia que lhe \u00e9 conferida pela Portaria n\u00ba 2.590, de 26 de setembro de 1997 e considerando o que consta no artigo 103, inciso V da Lei n\u00ba 8.112\/90 e ainda o contido no processo n\u00ba 048592\/2008-38,<\/p>\n\n\n<p><strong>RESOLVE:<\/strong><\/p>\n\n\n<p>Averbar, a partir de 30 de outubro de 2008, para fins de aposentadoria e disponibilidade, o tempo de servi\u00e7o prestado \u00e0 Associa\u00e7\u00e3o Paulista de Combate ao C\u00e2ncer, no per\u00edodo de 15.05.1969 a 14.11.1969, no total de 184 (cento e oitenta e quatro) dias e, Inst. de Assist. M\u00e9dica do Serv. Pub. do Estado, no per\u00edodo de 13.07.1970 a 21.10.1970, no total de 101 (cento e um) dias, em favor do professor GILVANI AZOR DE OLIVEIRA E CRUZ &#8211; 033588, classe Associado, lotado no Departamento de Cirurgia do Setor de Ci\u00eancias da Sa\u00fade.<\/p><p><\/p>\n\n\n<div style=\"height:15px\" aria-hidden=\"true\" class=\"wp-block-spacer\"><\/div>\n\n\n<div class=\"wp-block-buttons is-content-justification-right is-layout-flex wp-container-core-buttons-is-layout-1 wp-block-buttons-is-layout-flex\">\n<div class=\"wp-block-button has-custom-font-size is-style-outline has-small-font-size is-style-outline--1\"><a class=\"wp-block-button__link\" href=\"https:\/\/progepe.ufpr.br\/portarias\/wp-content\/uploads\/pcp\/PROGEPE\/2009\/2584PR.pdf\" style=\"border-radius:0px\" target=\"_blank\" rel=\"noreferrer noopener\">Acesse o arquivo da portaria<\/a><\/div><\/div>\n","protected":false},"excerpt":{"rendered":"<p>Averbar, a partir de 30 de outubro de 2008, para fins de aposentadoria e disponibilidade, o tempo de servi\u00e7o prestado \u00e0 Associa\u00e7\u00e3o Paulista de Combate ao C\u00e2ncer, no per\u00edodo de 15.05.1969 a 14.11.1969, no total de 184 (cento e oitenta e quatro) dias e, Inst. de Assist. M\u00e9dica do Serv. Pub. do Estado, no per\u00edodo de 13.07.1970 a 21.10.1970, no total de 101 (cento e um) dias, em favor do professor GILVANI AZOR DE OLIVEIRA E CRUZ &#8211; 033588, classe Associado, lotado no Departamento de Cirurgia do Setor de Ci\u00eancias da Sa\u00fade.  {&#8220;height&#8221;:&#8221;15px&#8221;} <\/p>\n<div style=\"height:15px\" aria-hidden=\"true\" class=\"wp-block-spacer\">\n","protected":false},"author":41,"featured_media":0,"comment_status":"closed","ping_status":"closed","sticky":false,"template":"wp-custom-template-emissao-entre-01-05-2004-ate-30-06-2017","format":"standard","meta":{"_acf_changed":false,"iawp_total_views":0,"footnotes":""},"categories":[116],"tags":[140],"class_list":["post-175386","post","type-post","status-publish","format-standard","hentry","category-progepe","tag-averbacao-desaverbacao"],"acf":[],"_links":{"self":[{"href":"https:\/\/progepe.ufpr.br\/portarias\/wp-json\/wp\/v2\/posts\/175386","targetHints":{"allow":["GET"]}}],"collection":[{"href":"https:\/\/progepe.ufpr.br\/portarias\/wp-json\/wp\/v2\/posts"}],"about":[{"href":"https:\/\/progepe.ufpr.br\/portarias\/wp-json\/wp\/v2\/types\/post"}],"author":[{"embeddable":true,"href":"https:\/\/progepe.ufpr.br\/portarias\/wp-json\/wp\/v2\/users\/41"}],"replies":[{"embeddable":true,"href":"https:\/\/progepe.ufpr.br\/portarias\/wp-json\/wp\/v2\/comments?post=175386"}],"version-history":[{"count":1,"href":"https:\/\/progepe.ufpr.br\/portarias\/wp-json\/wp\/v2\/posts\/175386\/revisions"}],"predecessor-version":[{"id":214226,"href":"https:\/\/progepe.ufpr.br\/portarias\/wp-json\/wp\/v2\/posts\/175386\/revisions\/214226"}],"wp:attachment":[{"href":"https:\/\/progepe.ufpr.br\/portarias\/wp-json\/wp\/v2\/media?parent=175386"}],"wp:term":[{"taxonomy":"category","embeddable":true,"href":"https:\/\/progepe.ufpr.br\/portarias\/wp-json\/wp\/v2\/categories?post=175386"},{"taxonomy":"post_tag","embeddable":true,"href":"https:\/\/progepe.ufpr.br\/portarias\/wp-json\/wp\/v2\/tags?post=175386"}],"curies":[{"name":"wp","href":"https:\/\/api.w.org\/{rel}","templated":true}]}}