{"id":175388,"date":"2009-07-23T10:08:00","date_gmt":"2009-07-23T13:08:00","guid":{"rendered":"http:\/\/progepe.ufpr.br\/portarias\/progepe-2009-02586\/"},"modified":"2023-08-03T11:19:17","modified_gmt":"2023-08-03T14:19:17","slug":"progepe-2009-02586","status":"publish","type":"post","link":"https:\/\/progepe.ufpr.br\/portarias\/progepe-2009-02586\/","title":{"rendered":"PORTARIA N\u00ba 02586\/PROGEPE, DE 23 DE JULHO DE 2009"},"content":{"rendered":"\n<p>A Pr\u00f3-Reitora de Gest\u00e3o de Pessoas da Universidade Federal do Paran\u00e1, em exerc\u00edcio, no uso de suas atribui\u00e7\u00f5es, tendo em vista a compet\u00eancia que lhe \u00e9 conferida pela Portaria n\u00ba 2.590, de 26 de setembro de 1997 e considerando o que consta no artigo 103, inciso V da Lei n\u00ba 8.112\/90 e ainda o contido no processo n\u00ba 048774\/2008-17,<\/p>\n\n\n<p><strong>RESOLVE:<\/strong><\/p>\n\n\n<p>Averbar, a partir de 31 de outubro de 2008, para fins de aposentadoria e disponibilidade, o tempo de servi\u00e7o prestado \u00e0 Ocaba Edifica\u00e7\u00f5es Ltda., no per\u00edodo de 01.03.1986 a 17.04.1989, no total de 1.144 (um mil, cento e quarenta e quatro) dias; Nekan Com\u00e9rcio de Colch\u00f5es Ltda., no per\u00edodo de 01.06.1989 a 11.01.1991, no total de 590 (quinhentos e noventa) dias; URBS Urbaniza\u00e7\u00e3o de Curitiba S\/A, no per\u00edodo de 06.06.1991 a 01.12.1991, no total de 179 (cento e setenta e nove) dias e, Sergio Todeschini Alves, no per\u00edodo de 09.08.1982 a 28.02.1986, no total de 1.300 (um mil e trezentos) dias, em favor do servidor ERICSON LUIZ WASUASKI RIECHTER &#8211; 106992, ocupante do cargo de Assistente em Administra\u00e7\u00e3o, lotado na Pr\u00f3-Reitoria de Gradua\u00e7\u00e3o.<\/p><p><\/p>\n\n\n<div style=\"height:15px\" aria-hidden=\"true\" class=\"wp-block-spacer\"><\/div>\n\n\n<div class=\"wp-block-buttons is-content-justification-right is-layout-flex wp-container-core-buttons-is-layout-1 wp-block-buttons-is-layout-flex\">\n<div class=\"wp-block-button has-custom-font-size is-style-outline has-small-font-size is-style-outline--1\"><a class=\"wp-block-button__link\" href=\"https:\/\/progepe.ufpr.br\/portarias\/wp-content\/uploads\/pcp\/PROGEPE\/2009\/2586PR.pdf\" style=\"border-radius:0px\" target=\"_blank\" rel=\"noreferrer noopener\">Acesse o arquivo da portaria<\/a><\/div><\/div>\n","protected":false},"excerpt":{"rendered":"<p>Averbar, a partir de 31 de outubro de 2008, para fins de aposentadoria e disponibilidade, o tempo de servi\u00e7o prestado \u00e0 Ocaba Edifica\u00e7\u00f5es Ltda., no per\u00edodo de 01.03.1986 a 17.04.1989, no total de 1.144 (um mil, cento e quarenta e quatro) dias; Nekan Com\u00e9rcio de Colch\u00f5es Ltda., no per\u00edodo de 01.06.1989 a 11.01.1991, no total de 590 (quinhentos e noventa) dias; URBS Urbaniza\u00e7\u00e3o de Curitiba S\/A, no per\u00edodo de 06.06.1991 a 01.12.1991, no total de 179 (cento e setenta e nove) dias e, Sergio Todeschini Alves, no per\u00edodo de 09.08.1982 a 28.02.1986, no total de 1.300 (um mil<\/p>\n","protected":false},"author":41,"featured_media":0,"comment_status":"closed","ping_status":"closed","sticky":false,"template":"wp-custom-template-emissao-entre-01-05-2004-ate-30-06-2017","format":"standard","meta":{"_acf_changed":false,"iawp_total_views":0,"footnotes":""},"categories":[116],"tags":[140],"class_list":["post-175388","post","type-post","status-publish","format-standard","hentry","category-progepe","tag-averbacao-desaverbacao"],"acf":[],"_links":{"self":[{"href":"https:\/\/progepe.ufpr.br\/portarias\/wp-json\/wp\/v2\/posts\/175388","targetHints":{"allow":["GET"]}}],"collection":[{"href":"https:\/\/progepe.ufpr.br\/portarias\/wp-json\/wp\/v2\/posts"}],"about":[{"href":"https:\/\/progepe.ufpr.br\/portarias\/wp-json\/wp\/v2\/types\/post"}],"author":[{"embeddable":true,"href":"https:\/\/progepe.ufpr.br\/portarias\/wp-json\/wp\/v2\/users\/41"}],"replies":[{"embeddable":true,"href":"https:\/\/progepe.ufpr.br\/portarias\/wp-json\/wp\/v2\/comments?post=175388"}],"version-history":[{"count":1,"href":"https:\/\/progepe.ufpr.br\/portarias\/wp-json\/wp\/v2\/posts\/175388\/revisions"}],"predecessor-version":[{"id":214228,"href":"https:\/\/progepe.ufpr.br\/portarias\/wp-json\/wp\/v2\/posts\/175388\/revisions\/214228"}],"wp:attachment":[{"href":"https:\/\/progepe.ufpr.br\/portarias\/wp-json\/wp\/v2\/media?parent=175388"}],"wp:term":[{"taxonomy":"category","embeddable":true,"href":"https:\/\/progepe.ufpr.br\/portarias\/wp-json\/wp\/v2\/categories?post=175388"},{"taxonomy":"post_tag","embeddable":true,"href":"https:\/\/progepe.ufpr.br\/portarias\/wp-json\/wp\/v2\/tags?post=175388"}],"curies":[{"name":"wp","href":"https:\/\/api.w.org\/{rel}","templated":true}]}}