{"id":175412,"date":"2009-07-27T10:20:00","date_gmt":"2009-07-27T13:20:00","guid":{"rendered":"http:\/\/progepe.ufpr.br\/portarias\/progepe-2009-02647\/"},"modified":"2023-08-03T11:19:23","modified_gmt":"2023-08-03T14:19:23","slug":"progepe-2009-02647","status":"publish","type":"post","link":"https:\/\/progepe.ufpr.br\/portarias\/progepe-2009-02647\/","title":{"rendered":"PORTARIA N\u00ba 02647\/PROGEPE, DE 27 DE JULHO DE 2009"},"content":{"rendered":"\n<p>A Pr\u00f3-Reitora de Gest\u00e3o de Pessoas da Universidade Federal do Paran\u00e1, no uso de suas atribui\u00e7\u00f5es, tendo em vista a compet\u00eancia que lhe \u00e9 conferida pela Portaria n\u00ba 2.590, de 26 de setembro de 1997 e considerando o que consta no artigo 103, inciso V da Lei n\u00ba 8.112\/90 e ainda o contido no processo n\u00ba 069440\/2009- 50,<\/p>\n\n\n<p><strong>RESOLVE:<\/strong><\/p>\n\n\n<p>Averbar, a partir de 17 de mar\u00e7o de 2009, para fins de aposentadoria e disponibilidade, o tempo de servi\u00e7o prestado \u00e0 Sigma Dataserv Inform\u00e1tica S\/A, no per\u00edodo de 23.01.1981 a 07.11.1991, no total de 3.941 (tr\u00eas mil, novecentos e quarenta e um) dias; Serpro, no per\u00edodo de 11.06.1987 a 31.08.1988, no total de 448 (quatrocentos e quarenta e oito) dias; Comander Assessoria Empresarial Ltda., no per\u00edodo de 05.08.1991 a 01.11.1991, no total de 89 (oitenta e nove) dias e, ADP Brasil Ltda., no per\u00edodo de 08.11.1991 a 17.09.2003, no total de 4.332 (quatro mil, trezentos e trinta e dois) dias, em favor do servidor LUIZ CARLOS DOS SANTOS &#8211; 185965, ocupante do cargo de Assistente em Administra\u00e7\u00e3o, lotado no Hospital de Cl\u00ednicas.<\/p><p><\/p>\n\n\n<div style=\"height:15px\" aria-hidden=\"true\" class=\"wp-block-spacer\"><\/div>\n\n\n<div class=\"wp-block-buttons is-content-justification-right is-layout-flex wp-container-core-buttons-is-layout-1 wp-block-buttons-is-layout-flex\">\n<div class=\"wp-block-button has-custom-font-size is-style-outline has-small-font-size is-style-outline--1\"><a class=\"wp-block-button__link\" href=\"https:\/\/progepe.ufpr.br\/portarias\/wp-content\/uploads\/pcp\/PROGEPE\/2009\/2647PR.pdf\" style=\"border-radius:0px\" target=\"_blank\" rel=\"noreferrer noopener\">Acesse o arquivo da portaria<\/a><\/div><\/div>\n","protected":false},"excerpt":{"rendered":"<p>Averbar, a partir de 17 de mar\u00e7o de 2009, para fins de aposentadoria e disponibilidade, o tempo de servi\u00e7o prestado \u00e0 Sigma Dataserv Inform\u00e1tica S\/A, no per\u00edodo de 23.01.1981 a 07.11.1991, no total de 3.941 (tr\u00eas mil, novecentos e quarenta e um) dias; Serpro, no per\u00edodo de 11.06.1987 a 31.08.1988, no total de 448 (quatrocentos e quarenta e oito) dias; Comander Assessoria Empresarial Ltda., no per\u00edodo de 05.08.1991 a 01.11.1991, no total de 89 (oitenta e nove) dias e, ADP Brasil Ltda., no per\u00edodo de 08.11.1991 a 17.09.2003, no total de 4.332 (quatro mil, trezentos e trinta e<\/p>\n","protected":false},"author":41,"featured_media":0,"comment_status":"closed","ping_status":"closed","sticky":false,"template":"wp-custom-template-emissao-entre-01-05-2004-ate-30-06-2017","format":"standard","meta":{"_acf_changed":false,"iawp_total_views":0,"footnotes":""},"categories":[116],"tags":[140],"class_list":["post-175412","post","type-post","status-publish","format-standard","hentry","category-progepe","tag-averbacao-desaverbacao"],"acf":[],"_links":{"self":[{"href":"https:\/\/progepe.ufpr.br\/portarias\/wp-json\/wp\/v2\/posts\/175412","targetHints":{"allow":["GET"]}}],"collection":[{"href":"https:\/\/progepe.ufpr.br\/portarias\/wp-json\/wp\/v2\/posts"}],"about":[{"href":"https:\/\/progepe.ufpr.br\/portarias\/wp-json\/wp\/v2\/types\/post"}],"author":[{"embeddable":true,"href":"https:\/\/progepe.ufpr.br\/portarias\/wp-json\/wp\/v2\/users\/41"}],"replies":[{"embeddable":true,"href":"https:\/\/progepe.ufpr.br\/portarias\/wp-json\/wp\/v2\/comments?post=175412"}],"version-history":[{"count":1,"href":"https:\/\/progepe.ufpr.br\/portarias\/wp-json\/wp\/v2\/posts\/175412\/revisions"}],"predecessor-version":[{"id":214251,"href":"https:\/\/progepe.ufpr.br\/portarias\/wp-json\/wp\/v2\/posts\/175412\/revisions\/214251"}],"wp:attachment":[{"href":"https:\/\/progepe.ufpr.br\/portarias\/wp-json\/wp\/v2\/media?parent=175412"}],"wp:term":[{"taxonomy":"category","embeddable":true,"href":"https:\/\/progepe.ufpr.br\/portarias\/wp-json\/wp\/v2\/categories?post=175412"},{"taxonomy":"post_tag","embeddable":true,"href":"https:\/\/progepe.ufpr.br\/portarias\/wp-json\/wp\/v2\/tags?post=175412"}],"curies":[{"name":"wp","href":"https:\/\/api.w.org\/{rel}","templated":true}]}}