{"id":175431,"date":"2009-07-30T10:05:00","date_gmt":"2009-07-30T13:05:00","guid":{"rendered":"http:\/\/progepe.ufpr.br\/portarias\/progepe-2009-02676\/"},"modified":"2023-08-03T11:19:25","modified_gmt":"2023-08-03T14:19:25","slug":"progepe-2009-02676","status":"publish","type":"post","link":"https:\/\/progepe.ufpr.br\/portarias\/progepe-2009-02676\/","title":{"rendered":"PORTARIA N\u00ba 02676\/PROGEPE, DE 30 DE JULHO DE 2009"},"content":{"rendered":"\n<p>A Pr\u00f3-Reitora de Gest\u00e3o de Pessoas da Universidade Federal do Paran\u00e1, no uso de suas atribui\u00e7\u00f5es, tendo em vista a compet\u00eancia que lhe \u00e9 conferida pela Portaria n\u00ba 2.590, de 26 de setembro de 1997 e considerando o que consta no artigo 103, inciso V da Lei n\u00ba 8.112\/90 e ainda o contido no processo n\u00ba 072996\/2009- 23,<\/p>\n\n\n<p><strong>RESOLVE:<\/strong><\/p>\n\n\n<p>Averbar, a partir de 31 de mar\u00e7o de 2009, para fins de aposentadoria e disponibilidade, o tempo de servi\u00e7o prestado \u00e0 Luvizotto A Casa do Escrit\u00f3rio Ltda., no per\u00edodo de 01.07.1988 a 27.04.1989, no total de 301 (trezentos e um) dias; Departamento de Tr\u00e2nsito Detran, no per\u00edodo de 24.07.1992 a 23.07.1993, no total de 365 (trezentos e sessenta e cinco) dias; Departamento de Tr\u00e2nsito Detran, no per\u00edodo de 23.08.1993 a 30.11.1993, no total de 100 (cem) dias; Companhia de Seguros Gralha Azul, no per\u00edodo de 01.12.1993 a 27.11.1998, no total de 1.823 (um mil, oitocentos e vinte e tr\u00eas) dias; Latina Ve\u00edculos Ltda., no per\u00edodo de 01.12.1998 a 17.03.1999, no total de 107 (cento e sete) dias; Sitese &#8211; Sistemas T\u00e9cnicos de Seguran\u00e7a S\/C Ltda., no per\u00edodo de 09.04.1999 a 07.06.1999, no total de 60 (sessenta) dias; Hospital Cardiol\u00f3gico Constantini S\/A, no per\u00edodo de 01.08.1999 a 05.05.2001, no total de 644 (seiscentos e quarenta e quatro) dias; S do C V de C D de P E L de C do Estado do Paran\u00e1, no per\u00edodo de 02.05.2002 a 31.07.2002, no total de 91 (noventa e um) dias e, Expert \u2013 Instituto Gr\u00e1fico e Educacional Ltda., no per\u00edodo de 12.08.2002 a 29.05.2004, no total de 657 (seiscentos e cinq\u00fcenta e sete) dias, em favor da servidora ROSANGELA VALACHINSKI GANDI &#8211; 181641, ocupante do cargo de Pedagogo &#8211; \u00c1rea, lotada no Gabinete do Diretor do Campus Litoral.<\/p><p><\/p>\n\n\n<div style=\"height:15px\" aria-hidden=\"true\" class=\"wp-block-spacer\"><\/div>\n\n\n<div class=\"wp-block-buttons is-content-justification-right is-layout-flex wp-container-core-buttons-is-layout-1 wp-block-buttons-is-layout-flex\">\n<div class=\"wp-block-button has-custom-font-size is-style-outline has-small-font-size is-style-outline--1\"><a class=\"wp-block-button__link\" href=\"https:\/\/progepe.ufpr.br\/portarias\/wp-content\/uploads\/pcp\/PROGEPE\/2009\/2676PR.pdf\" style=\"border-radius:0px\" target=\"_blank\" rel=\"noreferrer noopener\">Acesse o arquivo da portaria<\/a><\/div><\/div>\n","protected":false},"excerpt":{"rendered":"<p>Averbar, a partir de 31 de mar\u00e7o de 2009, para fins de aposentadoria e disponibilidade, o tempo de servi\u00e7o prestado \u00e0 Luvizotto A Casa do Escrit\u00f3rio Ltda., no per\u00edodo de 01.07.1988 a 27.04.1989, no total de 301 (trezentos e um) dias; Departamento de Tr\u00e2nsito Detran, no per\u00edodo de 24.07.1992 a 23.07.1993, no total de 365 (trezentos e sessenta e cinco) dias; Departamento de Tr\u00e2nsito Detran, no per\u00edodo de 23.08.1993 a 30.11.1993, no total de 100 (cem) dias; Companhia de Seguros Gralha Azul, no per\u00edodo de 01.12.1993 a 27.11.1998, no total de 1.823 (um mil, oitocentos e vinte e<\/p>\n","protected":false},"author":41,"featured_media":0,"comment_status":"closed","ping_status":"closed","sticky":false,"template":"wp-custom-template-emissao-entre-01-05-2004-ate-30-06-2017","format":"standard","meta":{"_acf_changed":false,"iawp_total_views":0,"footnotes":""},"categories":[116],"tags":[140],"class_list":["post-175431","post","type-post","status-publish","format-standard","hentry","category-progepe","tag-averbacao-desaverbacao"],"acf":[],"_links":{"self":[{"href":"https:\/\/progepe.ufpr.br\/portarias\/wp-json\/wp\/v2\/posts\/175431","targetHints":{"allow":["GET"]}}],"collection":[{"href":"https:\/\/progepe.ufpr.br\/portarias\/wp-json\/wp\/v2\/posts"}],"about":[{"href":"https:\/\/progepe.ufpr.br\/portarias\/wp-json\/wp\/v2\/types\/post"}],"author":[{"embeddable":true,"href":"https:\/\/progepe.ufpr.br\/portarias\/wp-json\/wp\/v2\/users\/41"}],"replies":[{"embeddable":true,"href":"https:\/\/progepe.ufpr.br\/portarias\/wp-json\/wp\/v2\/comments?post=175431"}],"version-history":[{"count":1,"href":"https:\/\/progepe.ufpr.br\/portarias\/wp-json\/wp\/v2\/posts\/175431\/revisions"}],"predecessor-version":[{"id":214268,"href":"https:\/\/progepe.ufpr.br\/portarias\/wp-json\/wp\/v2\/posts\/175431\/revisions\/214268"}],"wp:attachment":[{"href":"https:\/\/progepe.ufpr.br\/portarias\/wp-json\/wp\/v2\/media?parent=175431"}],"wp:term":[{"taxonomy":"category","embeddable":true,"href":"https:\/\/progepe.ufpr.br\/portarias\/wp-json\/wp\/v2\/categories?post=175431"},{"taxonomy":"post_tag","embeddable":true,"href":"https:\/\/progepe.ufpr.br\/portarias\/wp-json\/wp\/v2\/tags?post=175431"}],"curies":[{"name":"wp","href":"https:\/\/api.w.org\/{rel}","templated":true}]}}