{"id":175454,"date":"2009-08-06T10:06:00","date_gmt":"2009-08-06T13:06:00","guid":{"rendered":"http:\/\/progepe.ufpr.br\/portarias\/progepe-2009-02754\/"},"modified":"2023-08-03T11:19:31","modified_gmt":"2023-08-03T14:19:31","slug":"progepe-2009-02754","status":"publish","type":"post","link":"https:\/\/progepe.ufpr.br\/portarias\/progepe-2009-02754\/","title":{"rendered":"PORTARIA N\u00ba 02754\/PROGEPE, DE 06 DE AGOSTO DE 2009"},"content":{"rendered":"\n<p>A Pr\u00f3-Reitora de Gest\u00e3o de Pessoas da Universidade Federal do Paran\u00e1, no uso de suas atribui\u00e7\u00f5es, tendo em vista a compet\u00eancia que lhe \u00e9 conferida pela Portaria n\u00ba 2.590, de 26 de setembro de 1997 e considerando o que consta no artigo 103, inciso V da Lei n\u00ba 8.112\/90 e ainda o contido no processo n\u00ba 077850\/2009- 74,<\/p>\n\n\n<p><strong>RESOLVE:<\/strong><\/p>\n\n\n<p>Averbar, a partir de 29 de abril de 2009, para fins de aposentadoria, e disponibilidade, o tempo de servi\u00e7o prestado \u00e0 Primotech21 do Brasil Ind\u00fastria e Com\u00e9rcio Ltda., no per\u00edodo de 11.06.1984 a 10.07.1984, no total de 30 (trinta) dias; Demeterco e Cia Ltda., no per\u00edodo de 17.07.1984 a 07.10.1985, no total de 448 (quatrocentos e quarenta e oito) dias; Pia Sociedade Filhas de S\u00e3o Paulo, no per\u00edodo de 15.10.1985 a 20.05.1986, no total de 218 (duzentos e dezoito) dias; Positivo Administra\u00e7\u00e3o e Participa\u00e7\u00f5es S\/A, no per\u00edodo de 09.07.1986 a 03.03.1987, no total de 238 (duzentos e trinta e oito) dias; Universidade Estadual de Ponta Grossa, no per\u00edodo de 16.03.1992 a 20.12.1992, no total de 280 (duzentos e oitenta) dias e, Sociedade Educativa Esportiva e Cultural III Mil\u00eanio no per\u00edodo de 17.03.1993 a 02.10.1996, no total de 1.296 (um mil, duzentos e noventa e seis) dias, em favor da servidora SIRLEI DO ROCIO GDULLA &#8211; 147591, ocupante do cargo de Bibliotec\u00e1rio \u2013 Documentalista, lotada na Biblioteca de Ci\u00eancias Humanas e Educa\u00e7\u00e3o do Sistema de Bibliotecas.<\/p><p><\/p>\n\n\n<div style=\"height:15px\" aria-hidden=\"true\" class=\"wp-block-spacer\"><\/div>\n\n\n<div class=\"wp-block-buttons is-content-justification-right is-layout-flex wp-container-core-buttons-is-layout-1 wp-block-buttons-is-layout-flex\">\n<div class=\"wp-block-button has-custom-font-size is-style-outline has-small-font-size is-style-outline--1\"><a class=\"wp-block-button__link\" href=\"https:\/\/progepe.ufpr.br\/portarias\/wp-content\/uploads\/pcp\/PROGEPE\/2009\/2754PR.pdf\" style=\"border-radius:0px\" target=\"_blank\" rel=\"noreferrer noopener\">Acesse o arquivo da portaria<\/a><\/div><\/div>\n","protected":false},"excerpt":{"rendered":"<p>Averbar, a partir de 29 de abril de 2009, para fins de aposentadoria, e disponibilidade, o tempo de servi\u00e7o prestado \u00e0 Primotech21 do Brasil Ind\u00fastria e Com\u00e9rcio Ltda., no per\u00edodo de 11.06.1984 a 10.07.1984, no total de 30 (trinta) dias; Demeterco e Cia Ltda., no per\u00edodo de 17.07.1984 a 07.10.1985, no total de 448 (quatrocentos e quarenta e oito) dias; Pia Sociedade Filhas de S\u00e3o Paulo, no per\u00edodo de 15.10.1985 a 20.05.1986, no total de 218 (duzentos e dezoito) dias; Positivo Administra\u00e7\u00e3o e Participa\u00e7\u00f5es S\/A, no per\u00edodo de 09.07.1986 a 03.03.1987, no total de 238 (duzentos e trinta<\/p>\n","protected":false},"author":41,"featured_media":0,"comment_status":"closed","ping_status":"closed","sticky":false,"template":"wp-custom-template-emissao-entre-01-05-2004-ate-30-06-2017","format":"standard","meta":{"_acf_changed":false,"iawp_total_views":0,"footnotes":""},"categories":[116],"tags":[140],"class_list":["post-175454","post","type-post","status-publish","format-standard","hentry","category-progepe","tag-averbacao-desaverbacao"],"acf":[],"_links":{"self":[{"href":"https:\/\/progepe.ufpr.br\/portarias\/wp-json\/wp\/v2\/posts\/175454","targetHints":{"allow":["GET"]}}],"collection":[{"href":"https:\/\/progepe.ufpr.br\/portarias\/wp-json\/wp\/v2\/posts"}],"about":[{"href":"https:\/\/progepe.ufpr.br\/portarias\/wp-json\/wp\/v2\/types\/post"}],"author":[{"embeddable":true,"href":"https:\/\/progepe.ufpr.br\/portarias\/wp-json\/wp\/v2\/users\/41"}],"replies":[{"embeddable":true,"href":"https:\/\/progepe.ufpr.br\/portarias\/wp-json\/wp\/v2\/comments?post=175454"}],"version-history":[{"count":1,"href":"https:\/\/progepe.ufpr.br\/portarias\/wp-json\/wp\/v2\/posts\/175454\/revisions"}],"predecessor-version":[{"id":214291,"href":"https:\/\/progepe.ufpr.br\/portarias\/wp-json\/wp\/v2\/posts\/175454\/revisions\/214291"}],"wp:attachment":[{"href":"https:\/\/progepe.ufpr.br\/portarias\/wp-json\/wp\/v2\/media?parent=175454"}],"wp:term":[{"taxonomy":"category","embeddable":true,"href":"https:\/\/progepe.ufpr.br\/portarias\/wp-json\/wp\/v2\/categories?post=175454"},{"taxonomy":"post_tag","embeddable":true,"href":"https:\/\/progepe.ufpr.br\/portarias\/wp-json\/wp\/v2\/tags?post=175454"}],"curies":[{"name":"wp","href":"https:\/\/api.w.org\/{rel}","templated":true}]}}