{"id":175466,"date":"2009-08-11T10:15:00","date_gmt":"2009-08-11T13:15:00","guid":{"rendered":"http:\/\/progepe.ufpr.br\/portarias\/progepe-2009-02798\/"},"modified":"2023-08-03T11:19:35","modified_gmt":"2023-08-03T14:19:35","slug":"progepe-2009-02798","status":"publish","type":"post","link":"https:\/\/progepe.ufpr.br\/portarias\/progepe-2009-02798\/","title":{"rendered":"PORTARIA N\u00ba 02798\/PROGEPE, DE 11 DE AGOSTO DE 2009"},"content":{"rendered":"\n<p>A Pr\u00f3-Reitora de Gest\u00e3o de Pessoas da Universidade Federal do Paran\u00e1, em exerc\u00edcio, no uso de suas atribui\u00e7\u00f5es, tendo em vista a compet\u00eancia que lhe \u00e9 conferida pela Portaria n\u00ba 2.590, de 26 de setembro de 1997 e considerando o que consta no artigo 103, inciso V da Lei n\u00ba 8.112\/90 e ainda o contido no processo n\u00ba 077948\/2009-21,<\/p>\n\n\n<p><strong>RESOLVE:<\/strong><\/p>\n\n\n<p>Averbar, a partir de 29 de abril de 2009, para fins de aposentadoria e disponibilidade, o tempo de servi\u00e7o prestado ao Sindicato Rural de Faxinal, no per\u00edodo de 01.06.1979 a 08.01.1980, no total de 222 (duzentos e vinte e dois) dias; Hospital e Maternidade Santa Helena Ltda., no per\u00edodo de 01.04.1980 a 24.07.1980, no total de 115 (cento e quinze) dias; Prov. Bras. da Congreg. Irm\u00e3s Filhas Car. S. Vicente Paulo, no per\u00edodo de 01.12.1980 a 10.09.1983, no total de 1.014 (um mil e quatorze) dias; Fund. Inst. De mol\u00e9stias do Aparelho Digestivo e da Nutri, no per\u00edodo de 21.05.1984 a 31.07.1984, no total de 72 (setenta e dois) dias; Meca Ltda. Medicina e Cirurgia Assistencial, no per\u00edodo de 01.08.1984 a 23.09.1984, no total de 54 (cinquenta e quatro) dias; Apucarana Prefeitura, no per\u00edodo de 01.03.1985 a 31.12.1986, no total de 671 (seiscentos e setenta e um) dias; Centro Educacional Senior S\/C Ltda., no per\u00edodo de 01.03.1987 a 14.05.1987, no total de 75 (setenta e cinco) dias; Paran\u00e1 Secretaria de Estado da Educa\u00e7\u00e3o, no per\u00edodo de 25.05.1988 a 01.03.1990, no total de 646 (seiscentos e quarenta e seis) dias; Hospital Nossa Senhora das Gra\u00e7as, no per\u00edodo de 22.03.1991 a 14.04.1992, no total de 390 (trezentos e noventa) dias e, F da U F do P P O D da Ci\u00eancia, Tecnologia e da Cultura, no per\u00edodo de 15.04.1992 a 02.06.1992, no total de 49 (quarenta e nove) dias, em favor da servidora CLAUDETE LUBKE &#8211; 120740, ocupante do cargo de Auxiliar de Enfermagem, lotada no Departamento de Odontologia Restauradora do Setor de Ci\u00eancias da Sa\u00fade.<\/p><p><\/p>\n\n\n<div style=\"height:15px\" aria-hidden=\"true\" class=\"wp-block-spacer\"><\/div>\n\n\n<div class=\"wp-block-buttons is-content-justification-right is-layout-flex wp-container-core-buttons-is-layout-1 wp-block-buttons-is-layout-flex\">\n<div class=\"wp-block-button has-custom-font-size is-style-outline has-small-font-size is-style-outline--1\"><a class=\"wp-block-button__link\" href=\"https:\/\/progepe.ufpr.br\/portarias\/wp-content\/uploads\/pcp\/PROGEPE\/2009\/2798PR.pdf\" style=\"border-radius:0px\" target=\"_blank\" rel=\"noreferrer noopener\">Acesse o arquivo da portaria<\/a><\/div><\/div>\n","protected":false},"excerpt":{"rendered":"<p>Averbar, a partir de 29 de abril de 2009, para fins de aposentadoria e disponibilidade, o tempo de servi\u00e7o prestado ao Sindicato Rural de Faxinal, no per\u00edodo de 01.06.1979 a 08.01.1980, no total de 222 (duzentos e vinte e dois) dias; Hospital e Maternidade Santa Helena Ltda., no per\u00edodo de 01.04.1980 a 24.07.1980, no total de 115 (cento e quinze) dias; Prov. Bras. da Congreg. Irm\u00e3s Filhas Car. S. Vicente Paulo, no per\u00edodo de 01.12.1980 a 10.09.1983, no total de 1.014 (um mil e quatorze) dias; Fund. Inst. De mol\u00e9stias do Aparelho Digestivo e da Nutri, no per\u00edodo<\/p>\n","protected":false},"author":41,"featured_media":0,"comment_status":"closed","ping_status":"closed","sticky":false,"template":"wp-custom-template-emissao-entre-01-05-2004-ate-30-06-2017","format":"standard","meta":{"_acf_changed":false,"iawp_total_views":0,"footnotes":""},"categories":[116],"tags":[140],"class_list":["post-175466","post","type-post","status-publish","format-standard","hentry","category-progepe","tag-averbacao-desaverbacao"],"acf":[],"_links":{"self":[{"href":"https:\/\/progepe.ufpr.br\/portarias\/wp-json\/wp\/v2\/posts\/175466","targetHints":{"allow":["GET"]}}],"collection":[{"href":"https:\/\/progepe.ufpr.br\/portarias\/wp-json\/wp\/v2\/posts"}],"about":[{"href":"https:\/\/progepe.ufpr.br\/portarias\/wp-json\/wp\/v2\/types\/post"}],"author":[{"embeddable":true,"href":"https:\/\/progepe.ufpr.br\/portarias\/wp-json\/wp\/v2\/users\/41"}],"replies":[{"embeddable":true,"href":"https:\/\/progepe.ufpr.br\/portarias\/wp-json\/wp\/v2\/comments?post=175466"}],"version-history":[{"count":1,"href":"https:\/\/progepe.ufpr.br\/portarias\/wp-json\/wp\/v2\/posts\/175466\/revisions"}],"predecessor-version":[{"id":214303,"href":"https:\/\/progepe.ufpr.br\/portarias\/wp-json\/wp\/v2\/posts\/175466\/revisions\/214303"}],"wp:attachment":[{"href":"https:\/\/progepe.ufpr.br\/portarias\/wp-json\/wp\/v2\/media?parent=175466"}],"wp:term":[{"taxonomy":"category","embeddable":true,"href":"https:\/\/progepe.ufpr.br\/portarias\/wp-json\/wp\/v2\/categories?post=175466"},{"taxonomy":"post_tag","embeddable":true,"href":"https:\/\/progepe.ufpr.br\/portarias\/wp-json\/wp\/v2\/tags?post=175466"}],"curies":[{"name":"wp","href":"https:\/\/api.w.org\/{rel}","templated":true}]}}