{"id":175471,"date":"2009-08-12T10:02:00","date_gmt":"2009-08-12T13:02:00","guid":{"rendered":"http:\/\/progepe.ufpr.br\/portarias\/progepe-2009-02807\/"},"modified":"2023-08-03T11:19:36","modified_gmt":"2023-08-03T14:19:36","slug":"progepe-2009-02807","status":"publish","type":"post","link":"https:\/\/progepe.ufpr.br\/portarias\/progepe-2009-02807\/","title":{"rendered":"PORTARIA N\u00ba 02807\/PROGEPE, DE 12 DE AGOSTO DE 2009"},"content":{"rendered":"\n<p>A Pr\u00f3-Reitora de Gest\u00e3o de Pessoas da Universidade Federal do Paran\u00e1, em exerc\u00edcio, no uso de suas atribui\u00e7\u00f5es, tendo em vista a compet\u00eancia que lhe \u00e9 conferida pela Portaria n\u00ba 2.590, de 26 de setembro de 1997 e considerando o que consta Lei n\u00ba 8.112\/90, artigo 103, inciso V e ainda o contido no processo n\u00ba 081215\/2009-91,<\/p>\n\n\n<p><strong>RESOLVE:<\/strong><\/p>\n\n\n<p>Averbar, a partir 18 de maio de 2009, para fins de aposentadoria e disponibilidade, o tempo de servi\u00e7o prestado \u00e0 U. Norte Brasileira da Igreja Adventista do S\u00e9timo Dia, no per\u00edodo de 01.09.1977 a 30.06.1978, no total de 300 (trezentos) dias; \u00e0 Secretaria de Estado de Cultura, Desportos e Turismo &#8211; PA, no per\u00edodo de 01.07.1978 a 01.05.1980, no total de 671 (seiscentos e setenta e um) dias e Obras Sociais da Diocese de Santar\u00e9m, no per\u00edodo de 01.03.1982 a 13.05.1983, no total de 438 (quatrocentos e trinta e oitenta e tr\u00eas) dias, favor da Servidora LILIA MARIA BITAR NEVES &#8211; 164739, ocupante do cargo de Bibliotec\u00e1rio Documentalista, lotada na Biblioteca do setor de Ci\u00eancias da Sa\u00fade.<\/p><p><\/p>\n\n\n<div style=\"height:15px\" aria-hidden=\"true\" class=\"wp-block-spacer\"><\/div>\n\n\n<div class=\"wp-block-buttons is-content-justification-right is-layout-flex wp-container-core-buttons-is-layout-1 wp-block-buttons-is-layout-flex\">\n<div class=\"wp-block-button has-custom-font-size is-style-outline has-small-font-size is-style-outline--1\"><a class=\"wp-block-button__link\" href=\"https:\/\/progepe.ufpr.br\/portarias\/wp-content\/uploads\/pcp\/PROGEPE\/2009\/2807PR.pdf\" style=\"border-radius:0px\" target=\"_blank\" rel=\"noreferrer noopener\">Acesse o arquivo da portaria<\/a><\/div><\/div>\n","protected":false},"excerpt":{"rendered":"<p>Averbar, a partir 18 de maio de 2009, para fins de aposentadoria e disponibilidade, o tempo de servi\u00e7o prestado \u00e0 U. Norte Brasileira da Igreja Adventista do S\u00e9timo Dia, no per\u00edodo de 01.09.1977 a 30.06.1978, no total de 300 (trezentos) dias; \u00e0 Secretaria de Estado de Cultura, Desportos e Turismo &#8211; PA, no per\u00edodo de 01.07.1978 a 01.05.1980, no total de 671 (seiscentos e setenta e um) dias e Obras Sociais da Diocese de Santar\u00e9m, no per\u00edodo de 01.03.1982 a 13.05.1983, no total de 438 (quatrocentos e trinta e oitenta e tr\u00eas) dias, favor da Servidora LILIA MARIA<\/p>\n","protected":false},"author":41,"featured_media":0,"comment_status":"closed","ping_status":"closed","sticky":false,"template":"wp-custom-template-emissao-entre-01-05-2004-ate-30-06-2017","format":"standard","meta":{"_acf_changed":false,"iawp_total_views":0,"footnotes":""},"categories":[116],"tags":[140],"class_list":["post-175471","post","type-post","status-publish","format-standard","hentry","category-progepe","tag-averbacao-desaverbacao"],"acf":[],"_links":{"self":[{"href":"https:\/\/progepe.ufpr.br\/portarias\/wp-json\/wp\/v2\/posts\/175471","targetHints":{"allow":["GET"]}}],"collection":[{"href":"https:\/\/progepe.ufpr.br\/portarias\/wp-json\/wp\/v2\/posts"}],"about":[{"href":"https:\/\/progepe.ufpr.br\/portarias\/wp-json\/wp\/v2\/types\/post"}],"author":[{"embeddable":true,"href":"https:\/\/progepe.ufpr.br\/portarias\/wp-json\/wp\/v2\/users\/41"}],"replies":[{"embeddable":true,"href":"https:\/\/progepe.ufpr.br\/portarias\/wp-json\/wp\/v2\/comments?post=175471"}],"version-history":[{"count":1,"href":"https:\/\/progepe.ufpr.br\/portarias\/wp-json\/wp\/v2\/posts\/175471\/revisions"}],"predecessor-version":[{"id":214308,"href":"https:\/\/progepe.ufpr.br\/portarias\/wp-json\/wp\/v2\/posts\/175471\/revisions\/214308"}],"wp:attachment":[{"href":"https:\/\/progepe.ufpr.br\/portarias\/wp-json\/wp\/v2\/media?parent=175471"}],"wp:term":[{"taxonomy":"category","embeddable":true,"href":"https:\/\/progepe.ufpr.br\/portarias\/wp-json\/wp\/v2\/categories?post=175471"},{"taxonomy":"post_tag","embeddable":true,"href":"https:\/\/progepe.ufpr.br\/portarias\/wp-json\/wp\/v2\/tags?post=175471"}],"curies":[{"name":"wp","href":"https:\/\/api.w.org\/{rel}","templated":true}]}}