{"id":175475,"date":"2009-08-12T10:06:00","date_gmt":"2009-08-12T13:06:00","guid":{"rendered":"http:\/\/progepe.ufpr.br\/portarias\/progepe-2009-02811\/"},"modified":"2023-10-10T15:33:28","modified_gmt":"2023-10-10T18:33:28","slug":"progepe-2009-02811","status":"publish","type":"post","link":"https:\/\/progepe.ufpr.br\/portarias\/progepe-2009-02811\/","title":{"rendered":"PORTARIA N\u00ba 02811\/PROGEPE, DE 12 DE AGOSTO DE 2009"},"content":{"rendered":"\n<p>A Pr\u00f3-Reitora de Gest\u00e3o de Pessoas da Universidade Federal do Paran\u00e1, em exerc\u00edcio, no uso de suas atribui\u00e7\u00f5es, tendo em vista a compet\u00eancia que lhe \u00e9 conferida pela Portaria n\u00ba 2.590, de 26 de setembro de 1997 e considerando o que consta Lei n\u00ba 8.112\/90, artigo 103, inciso V e ainda o contido no processo n\u00ba 082217\/2009-06,<\/p>\n\n\n\n<p><strong>RESOLVE:<\/strong><\/p>\n\n\n\n<p>Averbar, a partir 21 de maio de 2009, para fins de aposentadoria e disponibilidade, o tempo de servi\u00e7o prestado conforme documento 11306286306, no per\u00edodo de 01.04.1991 a 25.06.1996, no total de 1.911 (mil novecentos e onze) dias, em favor da Servidora ALEXANDRA CRISTINA SENEGAGLIA &#8211; 140902, ocupante do cargo de Bi\u00f3logo, lotada no Hospital de Cl\u00ednicas.<\/p>\n","protected":false},"excerpt":{"rendered":"<p>Averbar, a partir 21 de maio de 2009, para fins de aposentadoria e disponibilidade, o tempo de servi\u00e7o prestado conforme documento 11306286306, no per\u00edodo de 01.04.1991 a 25.06.1996, no total de 1.911 (mil novecentos e onze) dias, em favor da Servidora ALEXANDRA CRISTINA SENEGAGLIA &#8211; 140902, ocupante do cargo de Bi\u00f3logo, lotada no Hospital de Cl\u00ednicas.<\/p>\n","protected":false},"author":41,"featured_media":0,"comment_status":"closed","ping_status":"closed","sticky":false,"template":"wp-custom-template-emissao-entre-01-05-2004-ate-30-06-2017","format":"standard","meta":{"_acf_changed":false,"iawp_total_views":0,"footnotes":""},"categories":[116],"tags":[140],"class_list":["post-175475","post","type-post","status-publish","format-standard","hentry","category-progepe","tag-averbacao-desaverbacao"],"acf":[],"_links":{"self":[{"href":"https:\/\/progepe.ufpr.br\/portarias\/wp-json\/wp\/v2\/posts\/175475","targetHints":{"allow":["GET"]}}],"collection":[{"href":"https:\/\/progepe.ufpr.br\/portarias\/wp-json\/wp\/v2\/posts"}],"about":[{"href":"https:\/\/progepe.ufpr.br\/portarias\/wp-json\/wp\/v2\/types\/post"}],"author":[{"embeddable":true,"href":"https:\/\/progepe.ufpr.br\/portarias\/wp-json\/wp\/v2\/users\/41"}],"replies":[{"embeddable":true,"href":"https:\/\/progepe.ufpr.br\/portarias\/wp-json\/wp\/v2\/comments?post=175475"}],"version-history":[{"count":3,"href":"https:\/\/progepe.ufpr.br\/portarias\/wp-json\/wp\/v2\/posts\/175475\/revisions"}],"predecessor-version":[{"id":253005,"href":"https:\/\/progepe.ufpr.br\/portarias\/wp-json\/wp\/v2\/posts\/175475\/revisions\/253005"}],"wp:attachment":[{"href":"https:\/\/progepe.ufpr.br\/portarias\/wp-json\/wp\/v2\/media?parent=175475"}],"wp:term":[{"taxonomy":"category","embeddable":true,"href":"https:\/\/progepe.ufpr.br\/portarias\/wp-json\/wp\/v2\/categories?post=175475"},{"taxonomy":"post_tag","embeddable":true,"href":"https:\/\/progepe.ufpr.br\/portarias\/wp-json\/wp\/v2\/tags?post=175475"}],"curies":[{"name":"wp","href":"https:\/\/api.w.org\/{rel}","templated":true}]}}