{"id":175476,"date":"2009-08-12T10:07:00","date_gmt":"2009-08-12T13:07:00","guid":{"rendered":"http:\/\/progepe.ufpr.br\/portarias\/progepe-2009-02812\/"},"modified":"2023-10-10T15:32:32","modified_gmt":"2023-10-10T18:32:32","slug":"progepe-2009-02812","status":"publish","type":"post","link":"https:\/\/progepe.ufpr.br\/portarias\/progepe-2009-02812\/","title":{"rendered":"PORTARIA N\u00ba 02812\/PROGEPE, DE 12 DE AGOSTO DE 2009"},"content":{"rendered":"\n<p>A Pr\u00f3-Reitora de Gest\u00e3o de Pessoas da Universidade Federal do Paran\u00e1, em exerc\u00edcio, no uso de suas atribui\u00e7\u00f5es, tendo em vista a compet\u00eancia que lhe \u00e9 conferida pela Portaria n\u00ba 2.590, de 26 de setembro de 1997 e considerando o que consta Lei n\u00ba 8.112\/90, artigo 103, inciso V e ainda o contido no processo n\u00ba 082306\/2009-44,<\/p>\n\n\n\n<p><strong>RESOLVE:<\/strong><\/p>\n\n\n\n<p>Averbar, a partir 22 de maio de 2009, para fins de aposentadoria e disponibilidade, o tempo de servi\u00e7o prestado \u00e0 Al\u00e7ap\u00e3o Avicultura Ra\u00e7\u00f5es Ltda, no per\u00edodo de 13.04.1981 a 21.04.1985, no total de 1.469 (Hum mil quatrocentos e sessenta e nove) dias; conforme documento n\u00ba 11709481786, no per\u00edodo de 01.07.1985 a 30.09.1987, no total de 820 (oitocentos e vinte) dias; conforme documento n\u00ba 11709481786, no per\u00edodo de 01.11.1987 a 30.04.1989, no total de 545 (quinhentos e quarenta e cinco) dias; conforme documento n\u00ba 11709481786, no per\u00edodo de 01.06.1989 a 28.02.1991, no total de 635 (seiscentos e trinta e cinco) dias; conforme documento n\u00ba 11709481786, no per\u00edodo de 01.04.1991 a 31.10.1994, no total de 1.305 (hum mil trezentos e cinco) dias e conforme documento n\u00ba 11709481786, no per\u00edodo de 01.12.1994 a 17.11.1997, no total de 1.082 (hum mil e oitentas) dias, favor do Professor WALTER LIMA TORRES NETO &#8211; 174173, classe Associado, lotado Departamento de Letras Estrangeiras Modernas do Setor de Ci\u00eancias Humanas, Letras e Artes.<\/p>\n","protected":false},"excerpt":{"rendered":"<p>Averbar, a partir 22 de maio de 2009, para fins de aposentadoria e disponibilidade, o tempo de servi\u00e7o prestado \u00e0 Al\u00e7ap\u00e3o Avicultura Ra\u00e7\u00f5es Ltda, no per\u00edodo de 13.04.1981 a 21.04.1985, no total de 1.469 (Hum mil quatrocentos e sessenta e nove) dias; conforme documento n\u00ba 11709481786, no per\u00edodo de 01.07.1985 a 30.09.1987, no total de 820 (oitocentos e vinte) dias; conforme documento n\u00ba 11709481786, no per\u00edodo de 01.11.1987 a 30.04.1989, no total de 545 (quinhentos e quarenta e cinco) dias; conforme documento n\u00ba 11709481786, no per\u00edodo de 01.06.1989 a 28.02.1991, no total de 635 (seiscentos e trinta e<\/p>\n","protected":false},"author":41,"featured_media":0,"comment_status":"closed","ping_status":"closed","sticky":false,"template":"wp-custom-template-emissao-entre-01-05-2004-ate-30-06-2017","format":"standard","meta":{"_acf_changed":false,"iawp_total_views":0,"footnotes":""},"categories":[116],"tags":[140],"class_list":["post-175476","post","type-post","status-publish","format-standard","hentry","category-progepe","tag-averbacao-desaverbacao"],"acf":[],"_links":{"self":[{"href":"https:\/\/progepe.ufpr.br\/portarias\/wp-json\/wp\/v2\/posts\/175476","targetHints":{"allow":["GET"]}}],"collection":[{"href":"https:\/\/progepe.ufpr.br\/portarias\/wp-json\/wp\/v2\/posts"}],"about":[{"href":"https:\/\/progepe.ufpr.br\/portarias\/wp-json\/wp\/v2\/types\/post"}],"author":[{"embeddable":true,"href":"https:\/\/progepe.ufpr.br\/portarias\/wp-json\/wp\/v2\/users\/41"}],"replies":[{"embeddable":true,"href":"https:\/\/progepe.ufpr.br\/portarias\/wp-json\/wp\/v2\/comments?post=175476"}],"version-history":[{"count":3,"href":"https:\/\/progepe.ufpr.br\/portarias\/wp-json\/wp\/v2\/posts\/175476\/revisions"}],"predecessor-version":[{"id":253003,"href":"https:\/\/progepe.ufpr.br\/portarias\/wp-json\/wp\/v2\/posts\/175476\/revisions\/253003"}],"wp:attachment":[{"href":"https:\/\/progepe.ufpr.br\/portarias\/wp-json\/wp\/v2\/media?parent=175476"}],"wp:term":[{"taxonomy":"category","embeddable":true,"href":"https:\/\/progepe.ufpr.br\/portarias\/wp-json\/wp\/v2\/categories?post=175476"},{"taxonomy":"post_tag","embeddable":true,"href":"https:\/\/progepe.ufpr.br\/portarias\/wp-json\/wp\/v2\/tags?post=175476"}],"curies":[{"name":"wp","href":"https:\/\/api.w.org\/{rel}","templated":true}]}}