{"id":175477,"date":"2009-08-12T10:08:00","date_gmt":"2009-08-12T13:08:00","guid":{"rendered":"http:\/\/progepe.ufpr.br\/portarias\/progepe-2009-02813\/"},"modified":"2023-08-03T11:19:37","modified_gmt":"2023-08-03T14:19:37","slug":"progepe-2009-02813","status":"publish","type":"post","link":"https:\/\/progepe.ufpr.br\/portarias\/progepe-2009-02813\/","title":{"rendered":"PORTARIA N\u00ba 02813\/PROGEPE, DE 12 DE AGOSTO DE 2009"},"content":{"rendered":"\n<p>A Pr\u00f3-Reitora de Gest\u00e3o de Pessoas da Universidade Federal do Paran\u00e1, em exerc\u00edcio, no uso de suas atribui\u00e7\u00f5es, tendo em vista a compet\u00eancia que lhe \u00e9 conferida pela Portaria n\u00ba 2.590, de 26 de setembro de 1997 e considerando o que consta Lei n\u00ba 8.112\/90, artigo 103, inciso V e ainda o contido no processo n\u00ba 083023\/2009-10,<\/p>\n\n\n<p><strong>RESOLVE:<\/strong><\/p>\n\n\n<p>Averbar, a partir 27 de maio de 2009, para fins de aposentadoria e disponibilidade, o tempo de servi\u00e7o prestado ao Hospital de Pronto Socorro de Fraturas da Lapa S\/A, no per\u00edodo de 15.05.1984 a 15\/08\/1984, no total de 91 (noventa e um) dias; ao Hospital e Maternidade Nossa Senhora de Lourdes S\/A, no per\u00edodo de 17.08.1984 a 07.06.1986, no total de 656 (seiscentos e cinquenta e seis) dias; ao Hospital Universit\u00e1rio da USP, no per\u00edodo de 08.06.1986 a 20.08.1988, no total de 804 (oitocentos e quatro) dias; \u00e0 Amico \u2013 Assist\u00eancia M\u00e9dica Ind\u00fastria e Com\u00e9rcio Ltda, no per\u00edodo de 23.08.1988 a 08.11.1990, no total de 806 (oitocentos e seis) dias; \u00e0 Irmandade da Santa Casa de Londrina, no per\u00edodo de 06.05.1991 a 04.06.199, no total de 29 (vinte e nove); ao Instituto Geral de Ass. Social Evang\u00e9lica \u2013 IGASE, no per\u00edodo de 02.07.1991 a 01.02.1993, no total de 575 (quinhentos e setenta e cinco) dias; ao Instituto de C\u00e2ncer de Londrina, no per\u00edodo de 09.02.1993 a 12.03.1994, no total de 399 (trezentos e noventa e nove) dias; ao Servi\u00e7o de Assist\u00eancia Materno Infantil de Londrina Ltda, no per\u00edodo de 19.09.1994 a 07.12.1994, no total de 79 (setenta e nove) dias e \u00e0 Associa\u00e7\u00e3o Educacional Decisivo, no per\u00edodo de 15.02.1995 a 25.12.1996, no total de 679 (seiscentos e setenta e nove) dias, em favor da Servidora ROSA HELENA SILVA SOUZA &#8211; 147788, ocupante do cargo de Enfermeiro \u2013 \u00c1rea, lotada no Hospital de Cl\u00ednicas.<\/p><p><\/p>\n\n\n<div style=\"height:15px\" aria-hidden=\"true\" class=\"wp-block-spacer\"><\/div>\n\n\n<div class=\"wp-block-buttons is-content-justification-right is-layout-flex wp-container-core-buttons-is-layout-1 wp-block-buttons-is-layout-flex\">\n<div class=\"wp-block-button has-custom-font-size is-style-outline has-small-font-size is-style-outline--1\"><a class=\"wp-block-button__link\" href=\"https:\/\/progepe.ufpr.br\/portarias\/wp-content\/uploads\/pcp\/PROGEPE\/2009\/2813PR.pdf\" style=\"border-radius:0px\" target=\"_blank\" rel=\"noreferrer noopener\">Acesse o arquivo da portaria<\/a><\/div><\/div>\n","protected":false},"excerpt":{"rendered":"<p>Averbar, a partir 27 de maio de 2009, para fins de aposentadoria e disponibilidade, o tempo de servi\u00e7o prestado ao Hospital de Pronto Socorro de Fraturas da Lapa S\/A, no per\u00edodo de 15.05.1984 a 15\/08\/1984, no total de 91 (noventa e um) dias; ao Hospital e Maternidade Nossa Senhora de Lourdes S\/A, no per\u00edodo de 17.08.1984 a 07.06.1986, no total de 656 (seiscentos e cinquenta e seis) dias; ao Hospital Universit\u00e1rio da USP, no per\u00edodo de 08.06.1986 a 20.08.1988, no total de 804 (oitocentos e quatro) dias; \u00e0 Amico \u2013 Assist\u00eancia M\u00e9dica Ind\u00fastria e Com\u00e9rcio Ltda, no per\u00edodo<\/p>\n","protected":false},"author":41,"featured_media":0,"comment_status":"closed","ping_status":"closed","sticky":false,"template":"wp-custom-template-emissao-entre-01-05-2004-ate-30-06-2017","format":"standard","meta":{"_acf_changed":false,"iawp_total_views":1,"footnotes":""},"categories":[116],"tags":[140],"class_list":["post-175477","post","type-post","status-publish","format-standard","hentry","category-progepe","tag-averbacao-desaverbacao"],"acf":[],"_links":{"self":[{"href":"https:\/\/progepe.ufpr.br\/portarias\/wp-json\/wp\/v2\/posts\/175477","targetHints":{"allow":["GET"]}}],"collection":[{"href":"https:\/\/progepe.ufpr.br\/portarias\/wp-json\/wp\/v2\/posts"}],"about":[{"href":"https:\/\/progepe.ufpr.br\/portarias\/wp-json\/wp\/v2\/types\/post"}],"author":[{"embeddable":true,"href":"https:\/\/progepe.ufpr.br\/portarias\/wp-json\/wp\/v2\/users\/41"}],"replies":[{"embeddable":true,"href":"https:\/\/progepe.ufpr.br\/portarias\/wp-json\/wp\/v2\/comments?post=175477"}],"version-history":[{"count":1,"href":"https:\/\/progepe.ufpr.br\/portarias\/wp-json\/wp\/v2\/posts\/175477\/revisions"}],"predecessor-version":[{"id":214314,"href":"https:\/\/progepe.ufpr.br\/portarias\/wp-json\/wp\/v2\/posts\/175477\/revisions\/214314"}],"wp:attachment":[{"href":"https:\/\/progepe.ufpr.br\/portarias\/wp-json\/wp\/v2\/media?parent=175477"}],"wp:term":[{"taxonomy":"category","embeddable":true,"href":"https:\/\/progepe.ufpr.br\/portarias\/wp-json\/wp\/v2\/categories?post=175477"},{"taxonomy":"post_tag","embeddable":true,"href":"https:\/\/progepe.ufpr.br\/portarias\/wp-json\/wp\/v2\/tags?post=175477"}],"curies":[{"name":"wp","href":"https:\/\/api.w.org\/{rel}","templated":true}]}}