{"id":175483,"date":"2009-08-12T10:21:00","date_gmt":"2009-08-12T13:21:00","guid":{"rendered":"http:\/\/progepe.ufpr.br\/portarias\/progepe-2009-02826\/"},"modified":"2023-08-03T11:19:38","modified_gmt":"2023-08-03T14:19:38","slug":"progepe-2009-02826","status":"publish","type":"post","link":"https:\/\/progepe.ufpr.br\/portarias\/progepe-2009-02826\/","title":{"rendered":"PORTARIA N\u00ba 02826\/PROGEPE, DE 12 DE AGOSTO DE 2009"},"content":{"rendered":"\n<p>A Pr\u00f3-Reitora de Gest\u00e3o de Pessoas da Universidade Federal do Paran\u00e1, em exerc\u00edcio, no uso de suas atribui\u00e7\u00f5es, tendo em vista a compet\u00eancia que lhe \u00e9 conferida pela Portaria n\u00ba 2.590, de 26 de setembro de 1997 e considerando o que consta no artigo 103, inciso V da Lei n\u00ba 8.112\/90 e ainda o contido no processo n\u00ba 084732\/2009-12,<\/p>\n\n\n<p><strong>RESOLVE:<\/strong><\/p>\n\n\n<p>Averbar, a partir de 04 de junho de 2009, para fins de aposentadoria e disponibilidade, o tempo de servi\u00e7o prestado \u00e0 Metal\u00fargica Matarazzo, no per\u00edodo de 20.06.1974 a 11.06.1976, no total de 717 (setecentos e dezessete) dias; Massa Falida de Jo\u00e3o Malucelli S\/A Ind. de M\u00f3veis, no per\u00edodo de 01.07.1976 a 12.10.1976, no total de 102 (cento e dois) dias; Hospital e Maternidade de S\u00e3o Jos\u00e9 dos Pinhais, no per\u00edodo de 01.10.1977 a 11.04.1979, no total de 556 (quinhentos e cinq\u00fcenta e seis) dias; Eurofarma Laborat\u00f3rios e Distribuidora Ltda., no per\u00edodo de 01.04.1984 a 09.06.1986, no total de 799 (setecentos e noventa e nove) dias; Cliremed \u2013 Cl\u00ednica de Medicina S\/S Ltda., no per\u00edodo de 19.01.1987 a 15.04.1988, no total de 452 (quatrocentos e cinq\u00fcenta e dois) dias; Hospital Pinheiros Ltda., no per\u00edodo de 01.08.1992 a 01.12.1993, no total de 486 (quatrocentos e oitenta e seis) dias e, F da U F do P P O D da Ci\u00eancia, Tecnologia e da Cultura, no per\u00edodo de 02.12.1993 a 15.12.1997, no total de 1.474 (um mil, quatrocentos e setenta e quatro) dias, em favor da servidora MARIA GORETTI DA SILVA &#8211; 153869, ocupante do cargo de Auxiliar de Enfermagem, lotada no Hospital de Cl\u00ednicas.<\/p><p><\/p>\n\n\n<div style=\"height:15px\" aria-hidden=\"true\" class=\"wp-block-spacer\"><\/div>\n\n\n<div class=\"wp-block-buttons is-content-justification-right is-layout-flex wp-container-core-buttons-is-layout-1 wp-block-buttons-is-layout-flex\">\n<div class=\"wp-block-button has-custom-font-size is-style-outline has-small-font-size is-style-outline--1\"><a class=\"wp-block-button__link\" href=\"https:\/\/progepe.ufpr.br\/portarias\/wp-content\/uploads\/pcp\/PROGEPE\/2009\/2826PR.pdf\" style=\"border-radius:0px\" target=\"_blank\" rel=\"noreferrer noopener\">Acesse o arquivo da portaria<\/a><\/div><\/div>\n","protected":false},"excerpt":{"rendered":"<p>Averbar, a partir de 04 de junho de 2009, para fins de aposentadoria e disponibilidade, o tempo de servi\u00e7o prestado \u00e0 Metal\u00fargica Matarazzo, no per\u00edodo de 20.06.1974 a 11.06.1976, no total de 717 (setecentos e dezessete) dias; Massa Falida de Jo\u00e3o Malucelli S\/A Ind. de M\u00f3veis, no per\u00edodo de 01.07.1976 a 12.10.1976, no total de 102 (cento e dois) dias; Hospital e Maternidade de S\u00e3o Jos\u00e9 dos Pinhais, no per\u00edodo de 01.10.1977 a 11.04.1979, no total de 556 (quinhentos e cinq\u00fcenta e seis) dias; Eurofarma Laborat\u00f3rios e Distribuidora Ltda., no per\u00edodo de 01.04.1984 a 09.06.1986, no total de<\/p>\n","protected":false},"author":41,"featured_media":0,"comment_status":"closed","ping_status":"closed","sticky":false,"template":"wp-custom-template-emissao-entre-01-05-2004-ate-30-06-2017","format":"standard","meta":{"_acf_changed":false,"iawp_total_views":0,"footnotes":""},"categories":[116],"tags":[140],"class_list":["post-175483","post","type-post","status-publish","format-standard","hentry","category-progepe","tag-averbacao-desaverbacao"],"acf":[],"_links":{"self":[{"href":"https:\/\/progepe.ufpr.br\/portarias\/wp-json\/wp\/v2\/posts\/175483","targetHints":{"allow":["GET"]}}],"collection":[{"href":"https:\/\/progepe.ufpr.br\/portarias\/wp-json\/wp\/v2\/posts"}],"about":[{"href":"https:\/\/progepe.ufpr.br\/portarias\/wp-json\/wp\/v2\/types\/post"}],"author":[{"embeddable":true,"href":"https:\/\/progepe.ufpr.br\/portarias\/wp-json\/wp\/v2\/users\/41"}],"replies":[{"embeddable":true,"href":"https:\/\/progepe.ufpr.br\/portarias\/wp-json\/wp\/v2\/comments?post=175483"}],"version-history":[{"count":1,"href":"https:\/\/progepe.ufpr.br\/portarias\/wp-json\/wp\/v2\/posts\/175483\/revisions"}],"predecessor-version":[{"id":214320,"href":"https:\/\/progepe.ufpr.br\/portarias\/wp-json\/wp\/v2\/posts\/175483\/revisions\/214320"}],"wp:attachment":[{"href":"https:\/\/progepe.ufpr.br\/portarias\/wp-json\/wp\/v2\/media?parent=175483"}],"wp:term":[{"taxonomy":"category","embeddable":true,"href":"https:\/\/progepe.ufpr.br\/portarias\/wp-json\/wp\/v2\/categories?post=175483"},{"taxonomy":"post_tag","embeddable":true,"href":"https:\/\/progepe.ufpr.br\/portarias\/wp-json\/wp\/v2\/tags?post=175483"}],"curies":[{"name":"wp","href":"https:\/\/api.w.org\/{rel}","templated":true}]}}