{"id":175489,"date":"2009-08-12T10:27:00","date_gmt":"2009-08-12T13:27:00","guid":{"rendered":"http:\/\/progepe.ufpr.br\/portarias\/progepe-2009-02832\/"},"modified":"2023-08-03T11:19:38","modified_gmt":"2023-08-03T14:19:38","slug":"progepe-2009-02832","status":"publish","type":"post","link":"https:\/\/progepe.ufpr.br\/portarias\/progepe-2009-02832\/","title":{"rendered":"PORTARIA N\u00ba 02832\/PROGEPE, DE 12 DE AGOSTO DE 2009"},"content":{"rendered":"\n<p>A Pr\u00f3-Reitora de Gest\u00e3o de Pessoas da Universidade Federal do Paran\u00e1, em exerc\u00edcio, no uso de suas atribui\u00e7\u00f5es, tendo em vista a compet\u00eancia que lhe \u00e9 conferida pela Portaria n\u00ba 2.590, de 26 de setembro de 1997 e considerando o que consta no artigo 103, inciso V da Lei n\u00ba 8.112\/90 e ainda o contido no processo n\u00ba 087586\/2009-87,<\/p>\n\n\n<p><strong>RESOLVE:<\/strong><\/p>\n\n\n<p>I. Averbar, a partir de 29 de junho de 2009, para fins de aposentadoria, aposentadoria especial e disponibilidade, o tempo de servi\u00e7o prestado ao Centro Educacional La Salle SC Ltda., no per\u00edodo de 01.03.1985 a 30.03.1985, no total de 30 (trinta) dias e, Soc. Educacional Centro Norte do Paran\u00e1, no per\u00edodo de 01.08.1987 a 31.07.1988, no total de 365 (trezentos e sessenta e cinco) dias, em favor do professor WAGNER DE CAMPOS &#8211; 121053, classe Associado, lotado no Departamento de Educa\u00e7\u00e3o F\u00edsica do Setor de Ci\u00eancias Biol\u00f3gicas; II. Averbar, a partir da mesma data, para fins de aposentadoria e disponibilidade, o tempo de servi\u00e7o prestado ao Banco Bamerindus do Brasil S\/A, no per\u00edodo de 01.12.1976 a 07.03.1977, no total de 97 (noventa e sete) dias; Dr. Jo\u00e3o Marcondes Albuquerque, no per\u00edodo de 01.11.1978 a 27.08.1982, no total de 1.392 (um mil, trezentos e noventa e dois) dias; Canad\u00e1 Contry Club, no per\u00edodo de 28.08.1982 a 31.08.1982, no total de 4 (quatro) dias; 2\u00ba Of\u00edcio de Protesto de T\u00edtulos, no per\u00edodo de 17.04.1984 a 28.12.1984, no total de 252 (duzentos e cinq\u00fcenta e dois) dias; Terramarear Viagens e Turismo Ltda., no per\u00edodo de 01.05.1985 a 09.09.1985, no total de 129 (cento e vinte e nove) dias e, Com\u00e9rcio de Cal\u00e7ados J. S. Ltda., no per\u00edodo de 01.08.1988 a 30.11.1988, no total de 120 (trinta) dias, ao referido professor.<\/p><p><\/p>\n\n\n<div style=\"height:15px\" aria-hidden=\"true\" class=\"wp-block-spacer\"><\/div>\n\n\n<div class=\"wp-block-buttons is-content-justification-right is-layout-flex wp-container-core-buttons-is-layout-1 wp-block-buttons-is-layout-flex\">\n<div class=\"wp-block-button has-custom-font-size is-style-outline has-small-font-size is-style-outline--1\"><a class=\"wp-block-button__link\" href=\"https:\/\/progepe.ufpr.br\/portarias\/wp-content\/uploads\/pcp\/PROGEPE\/2009\/2832PR.pdf\" style=\"border-radius:0px\" target=\"_blank\" rel=\"noreferrer noopener\">Acesse o arquivo da portaria<\/a><\/div><\/div>\n","protected":false},"excerpt":{"rendered":"<p>I. Averbar, a partir de 29 de junho de 2009, para fins de aposentadoria, aposentadoria especial e disponibilidade, o tempo de servi\u00e7o prestado ao Centro Educacional La Salle SC Ltda., no per\u00edodo de 01.03.1985 a 30.03.1985, no total de 30 (trinta) dias e, Soc. Educacional Centro Norte do Paran\u00e1, no per\u00edodo de 01.08.1987 a 31.07.1988, no total de 365 (trezentos e sessenta e cinco) dias, em favor do professor WAGNER DE CAMPOS &#8211; 121053, classe Associado, lotado no Departamento de Educa\u00e7\u00e3o F\u00edsica do Setor de Ci\u00eancias Biol\u00f3gicas; II. Averbar, a partir da mesma data, para fins de aposentadoria<\/p>\n","protected":false},"author":41,"featured_media":0,"comment_status":"closed","ping_status":"closed","sticky":false,"template":"wp-custom-template-emissao-entre-01-05-2004-ate-30-06-2017","format":"standard","meta":{"_acf_changed":false,"iawp_total_views":1,"footnotes":""},"categories":[116],"tags":[140],"class_list":["post-175489","post","type-post","status-publish","format-standard","hentry","category-progepe","tag-averbacao-desaverbacao"],"acf":[],"_links":{"self":[{"href":"https:\/\/progepe.ufpr.br\/portarias\/wp-json\/wp\/v2\/posts\/175489","targetHints":{"allow":["GET"]}}],"collection":[{"href":"https:\/\/progepe.ufpr.br\/portarias\/wp-json\/wp\/v2\/posts"}],"about":[{"href":"https:\/\/progepe.ufpr.br\/portarias\/wp-json\/wp\/v2\/types\/post"}],"author":[{"embeddable":true,"href":"https:\/\/progepe.ufpr.br\/portarias\/wp-json\/wp\/v2\/users\/41"}],"replies":[{"embeddable":true,"href":"https:\/\/progepe.ufpr.br\/portarias\/wp-json\/wp\/v2\/comments?post=175489"}],"version-history":[{"count":1,"href":"https:\/\/progepe.ufpr.br\/portarias\/wp-json\/wp\/v2\/posts\/175489\/revisions"}],"predecessor-version":[{"id":214326,"href":"https:\/\/progepe.ufpr.br\/portarias\/wp-json\/wp\/v2\/posts\/175489\/revisions\/214326"}],"wp:attachment":[{"href":"https:\/\/progepe.ufpr.br\/portarias\/wp-json\/wp\/v2\/media?parent=175489"}],"wp:term":[{"taxonomy":"category","embeddable":true,"href":"https:\/\/progepe.ufpr.br\/portarias\/wp-json\/wp\/v2\/categories?post=175489"},{"taxonomy":"post_tag","embeddable":true,"href":"https:\/\/progepe.ufpr.br\/portarias\/wp-json\/wp\/v2\/tags?post=175489"}],"curies":[{"name":"wp","href":"https:\/\/api.w.org\/{rel}","templated":true}]}}