{"id":175510,"date":"2009-08-13T10:25:00","date_gmt":"2009-08-13T13:25:00","guid":{"rendered":"http:\/\/progepe.ufpr.br\/portarias\/progepe-2009-02860\/"},"modified":"2023-08-03T11:19:41","modified_gmt":"2023-08-03T14:19:41","slug":"progepe-2009-02860","status":"publish","type":"post","link":"https:\/\/progepe.ufpr.br\/portarias\/progepe-2009-02860\/","title":{"rendered":"PORTARIA N\u00ba 02860\/PROGEPE, DE 13 DE AGOSTO DE 2009"},"content":{"rendered":"\n<p>A Pr\u00f3-Reitora de Gest\u00e3o de Pessoas da Universidade Federal do Paran\u00e1, em exerc\u00edcio, no uso de suas atribui\u00e7\u00f5es, tendo em vista a compet\u00eancia que lhe \u00e9 conferida pela Portaria n\u00ba 2.590, de 26 de setembro de 1997, considerando o que consta nos inciso I e V do Art. 103 da Lei 8.112\/90 e ainda o contido no processo n\u00ba 095640\/2009-68,<\/p>\n\n\n<p><strong>RESOLVE:<\/strong><\/p>\n\n\n<p>Averbar, a partir 31 de julho de 2009, para fins de aposentadoria e disponibilidade, o tempo de servi\u00e7o prestado \u00e0 Almir A. Caldeira, no per\u00edodo de 10.08.1981 a 31.07.1985, no total de 1.451 (hum mil quatrocentos e cinquenta e um) dias; \u00e0 Escrilar Comercio e Representa\u00e7\u00f5es de M\u00f3veis Ltda, no per\u00edodo de 02.09.1985 a 07.10.1985, no total de 36 (trinta e seis) dias; \u00e0 Obras Sociais e Culturais Felicianas, no per\u00edodo de 02.05.1988 a 05.02.1990, no total de 645(seiscentos e quarenta e cinco); \u00e0 Secretaria de Estado da Educa\u00e7\u00e3o, no per\u00edodo de 04.06.1990 a 03.03.1991, no total de 273 (duzentos e setenta e tr\u00eas) dias e \u00e0 Secretaria de Estado da Educa\u00e7\u00e3o, no per\u00edodo de 14.02.1992 a 27.08.1994, no total de 925 (novecentos e vinte e cinco) dias em favor da Servidora ROSANE ANTUNES DE SA &#8211; 127183, ocupante do cargo de T\u00e9cnico em Assuntos Educacionais, lotada Gabinete do diretor do Setor de Ci\u00eancias Jur\u00eddicas.<\/p><p><\/p>\n\n\n<div style=\"height:15px\" aria-hidden=\"true\" class=\"wp-block-spacer\"><\/div>\n\n\n<div class=\"wp-block-buttons is-content-justification-right is-layout-flex wp-container-core-buttons-is-layout-1 wp-block-buttons-is-layout-flex\">\n<div class=\"wp-block-button has-custom-font-size is-style-outline has-small-font-size is-style-outline--1\"><a class=\"wp-block-button__link\" href=\"https:\/\/progepe.ufpr.br\/portarias\/wp-content\/uploads\/pcp\/PROGEPE\/2009\/2860PR.pdf\" style=\"border-radius:0px\" target=\"_blank\" rel=\"noreferrer noopener\">Acesse o arquivo da portaria<\/a><\/div><\/div>\n","protected":false},"excerpt":{"rendered":"<p>Averbar, a partir 31 de julho de 2009, para fins de aposentadoria e disponibilidade, o tempo de servi\u00e7o prestado \u00e0 Almir A. Caldeira, no per\u00edodo de 10.08.1981 a 31.07.1985, no total de 1.451 (hum mil quatrocentos e cinquenta e um) dias; \u00e0 Escrilar Comercio e Representa\u00e7\u00f5es de M\u00f3veis Ltda, no per\u00edodo de 02.09.1985 a 07.10.1985, no total de 36 (trinta e seis) dias; \u00e0 Obras Sociais e Culturais Felicianas, no per\u00edodo de 02.05.1988 a 05.02.1990, no total de 645(seiscentos e quarenta e cinco); \u00e0 Secretaria de Estado da Educa\u00e7\u00e3o, no per\u00edodo de 04.06.1990 a 03.03.1991, no total de<\/p>\n","protected":false},"author":41,"featured_media":0,"comment_status":"closed","ping_status":"closed","sticky":false,"template":"wp-custom-template-emissao-entre-01-05-2004-ate-30-06-2017","format":"standard","meta":{"_acf_changed":false,"iawp_total_views":0,"footnotes":""},"categories":[116],"tags":[140],"class_list":["post-175510","post","type-post","status-publish","format-standard","hentry","category-progepe","tag-averbacao-desaverbacao"],"acf":[],"_links":{"self":[{"href":"https:\/\/progepe.ufpr.br\/portarias\/wp-json\/wp\/v2\/posts\/175510","targetHints":{"allow":["GET"]}}],"collection":[{"href":"https:\/\/progepe.ufpr.br\/portarias\/wp-json\/wp\/v2\/posts"}],"about":[{"href":"https:\/\/progepe.ufpr.br\/portarias\/wp-json\/wp\/v2\/types\/post"}],"author":[{"embeddable":true,"href":"https:\/\/progepe.ufpr.br\/portarias\/wp-json\/wp\/v2\/users\/41"}],"replies":[{"embeddable":true,"href":"https:\/\/progepe.ufpr.br\/portarias\/wp-json\/wp\/v2\/comments?post=175510"}],"version-history":[{"count":1,"href":"https:\/\/progepe.ufpr.br\/portarias\/wp-json\/wp\/v2\/posts\/175510\/revisions"}],"predecessor-version":[{"id":214346,"href":"https:\/\/progepe.ufpr.br\/portarias\/wp-json\/wp\/v2\/posts\/175510\/revisions\/214346"}],"wp:attachment":[{"href":"https:\/\/progepe.ufpr.br\/portarias\/wp-json\/wp\/v2\/media?parent=175510"}],"wp:term":[{"taxonomy":"category","embeddable":true,"href":"https:\/\/progepe.ufpr.br\/portarias\/wp-json\/wp\/v2\/categories?post=175510"},{"taxonomy":"post_tag","embeddable":true,"href":"https:\/\/progepe.ufpr.br\/portarias\/wp-json\/wp\/v2\/tags?post=175510"}],"curies":[{"name":"wp","href":"https:\/\/api.w.org\/{rel}","templated":true}]}}