{"id":175511,"date":"2009-08-13T10:26:00","date_gmt":"2009-08-13T13:26:00","guid":{"rendered":"http:\/\/progepe.ufpr.br\/portarias\/progepe-2009-02861\/"},"modified":"2023-08-03T11:19:41","modified_gmt":"2023-08-03T14:19:41","slug":"progepe-2009-02861","status":"publish","type":"post","link":"https:\/\/progepe.ufpr.br\/portarias\/progepe-2009-02861\/","title":{"rendered":"PORTARIA N\u00ba 02861\/PROGEPE, DE 13 DE AGOSTO DE 2009"},"content":{"rendered":"\n<p>A Pr\u00f3-Reitora de Gest\u00e3o de Pessoas da Universidade Federal do Paran\u00e1, em exerc\u00edcio, no uso de suas atribui\u00e7\u00f5es, tendo em vista a compet\u00eancia que lhe \u00e9 conferida pela Portaria n\u00ba 2.590, de 26 de setembro de 1997, considerando o que consta no inciso V do Art. 103 da Lei 8.112\/90 e ainda o contido no processo n\u00ba 095777\/2009-12,<\/p>\n\n\n<p><strong>RESOLVE:<\/strong><\/p>\n\n\n<p>Averbar, a partir 03 de agosto de 2009, para fins de aposentadoria e disponibilidade, o tempo de servi\u00e7o prestado \u00e0 Industria e Com\u00e9rcio de M\u00e1quinas Perfecta Curitiba Ltda, no per\u00edodo de 02.05.1978 \u00e0 20.10.1981, no total de 1.267 (hum mil duzentos e sessenta e sete) dias; \u00e0 Industria e Com\u00e9rcio de M\u00e1quinas Perfecta Curitiba Ltda, no per\u00edodo de 11.01.1982 a 24.04.1985, no total de 1.199 (um mil cento e noventa e nove) dias; \u00e0 Industria e Com\u00e9rcio de M\u00e1quinas Perfecta Curitiba Ltda, no per\u00edodo de 09.09.1985 a 20.10.1988, no total de 1.137 (hum cento e trinta e sete) dias; \u00e0 Industria e Com\u00e9rcio de M\u00e1quinas Perfecta Curitiba Ltda, no per\u00edodo de 01.01.1989 a 31.12.1989, no total de 365 (trezentos e sessenta e cinco) dias e \u00e0 Industria e Com\u00e9rcio de M\u00e1quinas Perfecta Curitiba Ltda, no per\u00edodo de 01.01.1990 a 30.04.1991, no total de 485 (quatrocentos e oitenta e cinco) dias em favor da Professora MARIA CRISTINA DE SOUZA &#8211; 200282, classe adjunto, lotada no Departamento de Geologia do Setor de Ci\u00eancias da Terra.<\/p><p><\/p>\n\n\n<div style=\"height:15px\" aria-hidden=\"true\" class=\"wp-block-spacer\"><\/div>\n\n\n<div class=\"wp-block-buttons is-content-justification-right is-layout-flex wp-container-core-buttons-is-layout-1 wp-block-buttons-is-layout-flex\">\n<div class=\"wp-block-button has-custom-font-size is-style-outline has-small-font-size is-style-outline--1\"><a class=\"wp-block-button__link\" href=\"https:\/\/progepe.ufpr.br\/portarias\/wp-content\/uploads\/pcp\/PROGEPE\/2009\/2861PR.pdf\" style=\"border-radius:0px\" target=\"_blank\" rel=\"noreferrer noopener\">Acesse o arquivo da portaria<\/a><\/div><\/div>\n","protected":false},"excerpt":{"rendered":"<p>Averbar, a partir 03 de agosto de 2009, para fins de aposentadoria e disponibilidade, o tempo de servi\u00e7o prestado \u00e0 Industria e Com\u00e9rcio de M\u00e1quinas Perfecta Curitiba Ltda, no per\u00edodo de 02.05.1978 \u00e0 20.10.1981, no total de 1.267 (hum mil duzentos e sessenta e sete) dias; \u00e0 Industria e Com\u00e9rcio de M\u00e1quinas Perfecta Curitiba Ltda, no per\u00edodo de 11.01.1982 a 24.04.1985, no total de 1.199 (um mil cento e noventa e nove) dias; \u00e0 Industria e Com\u00e9rcio de M\u00e1quinas Perfecta Curitiba Ltda, no per\u00edodo de 09.09.1985 a 20.10.1988, no total de 1.137 (hum cento e trinta e sete)<\/p>\n","protected":false},"author":41,"featured_media":0,"comment_status":"closed","ping_status":"closed","sticky":false,"template":"wp-custom-template-emissao-entre-01-05-2004-ate-30-06-2017","format":"standard","meta":{"_acf_changed":false,"iawp_total_views":0,"footnotes":""},"categories":[116],"tags":[140],"class_list":["post-175511","post","type-post","status-publish","format-standard","hentry","category-progepe","tag-averbacao-desaverbacao"],"acf":[],"_links":{"self":[{"href":"https:\/\/progepe.ufpr.br\/portarias\/wp-json\/wp\/v2\/posts\/175511","targetHints":{"allow":["GET"]}}],"collection":[{"href":"https:\/\/progepe.ufpr.br\/portarias\/wp-json\/wp\/v2\/posts"}],"about":[{"href":"https:\/\/progepe.ufpr.br\/portarias\/wp-json\/wp\/v2\/types\/post"}],"author":[{"embeddable":true,"href":"https:\/\/progepe.ufpr.br\/portarias\/wp-json\/wp\/v2\/users\/41"}],"replies":[{"embeddable":true,"href":"https:\/\/progepe.ufpr.br\/portarias\/wp-json\/wp\/v2\/comments?post=175511"}],"version-history":[{"count":1,"href":"https:\/\/progepe.ufpr.br\/portarias\/wp-json\/wp\/v2\/posts\/175511\/revisions"}],"predecessor-version":[{"id":214347,"href":"https:\/\/progepe.ufpr.br\/portarias\/wp-json\/wp\/v2\/posts\/175511\/revisions\/214347"}],"wp:attachment":[{"href":"https:\/\/progepe.ufpr.br\/portarias\/wp-json\/wp\/v2\/media?parent=175511"}],"wp:term":[{"taxonomy":"category","embeddable":true,"href":"https:\/\/progepe.ufpr.br\/portarias\/wp-json\/wp\/v2\/categories?post=175511"},{"taxonomy":"post_tag","embeddable":true,"href":"https:\/\/progepe.ufpr.br\/portarias\/wp-json\/wp\/v2\/tags?post=175511"}],"curies":[{"name":"wp","href":"https:\/\/api.w.org\/{rel}","templated":true}]}}