{"id":175512,"date":"2009-08-13T10:27:00","date_gmt":"2009-08-13T13:27:00","guid":{"rendered":"http:\/\/progepe.ufpr.br\/portarias\/progepe-2009-02862\/"},"modified":"2023-08-03T11:19:41","modified_gmt":"2023-08-03T14:19:41","slug":"progepe-2009-02862","status":"publish","type":"post","link":"https:\/\/progepe.ufpr.br\/portarias\/progepe-2009-02862\/","title":{"rendered":"PORTARIA N\u00ba 02862\/PROGEPE, DE 13 DE AGOSTO DE 2009"},"content":{"rendered":"\n<p>A Pr\u00f3-Reitora de Gest\u00e3o de Pessoas da Universidade Federal do Paran\u00e1, em exerc\u00edcio, no uso de suas atribui\u00e7\u00f5es, tendo em vista a compet\u00eancia que lhe \u00e9 conferida pela Portaria n\u00ba 2.590, de 26 de setembro de 1997, considerando o que consta no inciso V do Art. 103 da Lei 8.112\/90 e ainda o contido no processo n\u00ba 096627\/2009-26,<\/p>\n\n\n<p><strong>RESOLVE:<\/strong><\/p>\n\n\n<p>Averbar, a partir 06 de agosto de 2009, para fins de aposentadoria e disponibilidade, o tempo de servi\u00e7o prestado \u00e0 CVL Autom\u00f3veis Comercial de Ve\u00edculos Ltda, no per\u00edodo de 08.05.1979 a 18.12.1979, no total de 225 (duzentos e vinte e cinco) dias; \u00e0 Prefeitura Municipal de Corb\u00e9lia, no per\u00edodo de 01.07.1986 a 31.01.1988, no total de 580 (quinhentos e oitenta) dias; \u00e0 Prefeitura Municipal de Mandirituba, no per\u00edodo de 15.03.1989 a 15.09.1989, no total de 185 (cento e oitenta e cinco) dias; \u00e0 Assoc. Prot. Mat. Inf\u00e2ncia Saza Lattes, no per\u00edodo de 11.10.1990 a 09.12.1990, no total de 60 (sessenta) dias e \u00e0 Colombo Prefeitura, no per\u00edodo de 02.09.1991 a 16.03.1993, no total de 561 (quinhentos e sessenta e um) dias em favor da Servidora ALICE ROZANE BERER KOZMINSKI &#8211; 128678, ocupante do cargo de Assistente Social, lotada no Hospital de Cl\u00ednicas.<\/p><p><\/p>\n\n\n<div style=\"height:15px\" aria-hidden=\"true\" class=\"wp-block-spacer\"><\/div>\n\n\n<div class=\"wp-block-buttons is-content-justification-right is-layout-flex wp-container-core-buttons-is-layout-1 wp-block-buttons-is-layout-flex\">\n<div class=\"wp-block-button has-custom-font-size is-style-outline has-small-font-size is-style-outline--1\"><a class=\"wp-block-button__link\" href=\"https:\/\/progepe.ufpr.br\/portarias\/wp-content\/uploads\/pcp\/PROGEPE\/2009\/2862PR.pdf\" style=\"border-radius:0px\" target=\"_blank\" rel=\"noreferrer noopener\">Acesse o arquivo da portaria<\/a><\/div><\/div>\n","protected":false},"excerpt":{"rendered":"<p>Averbar, a partir 06 de agosto de 2009, para fins de aposentadoria e disponibilidade, o tempo de servi\u00e7o prestado \u00e0 CVL Autom\u00f3veis Comercial de Ve\u00edculos Ltda, no per\u00edodo de 08.05.1979 a 18.12.1979, no total de 225 (duzentos e vinte e cinco) dias; \u00e0 Prefeitura Municipal de Corb\u00e9lia, no per\u00edodo de 01.07.1986 a 31.01.1988, no total de 580 (quinhentos e oitenta) dias; \u00e0 Prefeitura Municipal de Mandirituba, no per\u00edodo de 15.03.1989 a 15.09.1989, no total de 185 (cento e oitenta e cinco) dias; \u00e0 Assoc. Prot. Mat. Inf\u00e2ncia Saza Lattes, no per\u00edodo de 11.10.1990 a 09.12.1990, no total de<\/p>\n","protected":false},"author":41,"featured_media":0,"comment_status":"closed","ping_status":"closed","sticky":false,"template":"wp-custom-template-emissao-entre-01-05-2004-ate-30-06-2017","format":"standard","meta":{"_acf_changed":false,"iawp_total_views":0,"footnotes":""},"categories":[116],"tags":[140],"class_list":["post-175512","post","type-post","status-publish","format-standard","hentry","category-progepe","tag-averbacao-desaverbacao"],"acf":[],"_links":{"self":[{"href":"https:\/\/progepe.ufpr.br\/portarias\/wp-json\/wp\/v2\/posts\/175512","targetHints":{"allow":["GET"]}}],"collection":[{"href":"https:\/\/progepe.ufpr.br\/portarias\/wp-json\/wp\/v2\/posts"}],"about":[{"href":"https:\/\/progepe.ufpr.br\/portarias\/wp-json\/wp\/v2\/types\/post"}],"author":[{"embeddable":true,"href":"https:\/\/progepe.ufpr.br\/portarias\/wp-json\/wp\/v2\/users\/41"}],"replies":[{"embeddable":true,"href":"https:\/\/progepe.ufpr.br\/portarias\/wp-json\/wp\/v2\/comments?post=175512"}],"version-history":[{"count":1,"href":"https:\/\/progepe.ufpr.br\/portarias\/wp-json\/wp\/v2\/posts\/175512\/revisions"}],"predecessor-version":[{"id":214348,"href":"https:\/\/progepe.ufpr.br\/portarias\/wp-json\/wp\/v2\/posts\/175512\/revisions\/214348"}],"wp:attachment":[{"href":"https:\/\/progepe.ufpr.br\/portarias\/wp-json\/wp\/v2\/media?parent=175512"}],"wp:term":[{"taxonomy":"category","embeddable":true,"href":"https:\/\/progepe.ufpr.br\/portarias\/wp-json\/wp\/v2\/categories?post=175512"},{"taxonomy":"post_tag","embeddable":true,"href":"https:\/\/progepe.ufpr.br\/portarias\/wp-json\/wp\/v2\/tags?post=175512"}],"curies":[{"name":"wp","href":"https:\/\/api.w.org\/{rel}","templated":true}]}}